{"id":1373,"date":"2026-05-09T09:00:00","date_gmt":"2026-05-09T09:00:00","guid":{"rendered":"https:\/\/europe-visa.eu\/?p=1373"},"modified":"2026-07-02T08:57:55","modified_gmt":"2026-07-02T08:57:55","slug":"lisbon-spring-guide-2026-etias-travel-for-non-eu-visitors","status":"publish","type":"post","link":"https:\/\/europe-visa.eu\/fr\/blog\/lisbon-spring-guide-2026-etias-travel-for-non-eu-visitors\/","title":{"rendered":"Lisbon Spring Guide 2026 \u2013 ETIAS Travel for Non-EU Visitors"},"content":{"rendered":"<p>Le Guide du printemps \u00e0 Lisbonne 2026 est l'un des th\u00e8mes les plus recherch\u00e9s par les visiteurs non-UE planifiant un voyage dans l'espace Schengen en mai 2026. Ce guide 2026 explique tout ce que vous devez savoir sur le printemps \u00e0 Lisbonne : r\u00e8gles du Syst\u00e8me europ\u00e9en d'information et d'autorisation de voyage, co\u00fbts en euros, timing, itin\u00e9raires pratiques et citations de sources officielles sur europa.eu et ec.europa.eu. De plus, l'accent est mis sur les titulaires de passeports non-UE qui doivent d\u00e9tenir une ETIAS approuv\u00e9e avant de franchir la fronti\u00e8re externe de Schengen. Les liens internes tout au long pointent vers des guides approfondis sur <a href=\"https:\/\/europe-visa.eu\/fr\/blog\/etias-application-step-by-step\/\">La demande ETIAS \u00e9tape par \u00e9tape<\/a>, <a href=\"https:\/\/europe-visa.eu\/fr\/blog\/etias-mobile-application-how-to-apply-on-your-phone-in-2026\/\">demander ETIAS sur un t\u00e9l\u00e9phone portable<\/a> et <a href=\"https:\/\/europe-visa.eu\/fr\/blog\/etias-validity-with-an-expiring-passport-renewal-scenarios-2026\/\">ETIAS et passeport arrivant \u00e0 expiration<\/a> pour le contexte.<\/p><p>En outre, la Commission europ\u00e9enne a mis \u00e0 jour plusieurs r\u00e8gles li\u00e9es \u00e0 ETIAS au d\u00e9but de l'ann\u00e9e 2026, y compris le d\u00e9ploiement du syst\u00e8me d'entr\u00e9e\/sortie pour les citoyens non europ\u00e9ens \u00e0 chaque fronti\u00e8re de l'espace Schengen. En outre, ce guide refl\u00e8te ces changements et comprend des tarifs, des tableaux comparatifs et des blocs de FAQ con\u00e7us pour r\u00e9pondre aux questions les plus courantes que se posent les familles et les voyageurs en solo au moment de la r\u00e9servation. Par cons\u00e9quent, tous les co\u00fbts cit\u00e9s sont des chiffres de mai 2026, sauf indication contraire, et les sources externes sont limit\u00e9es \u00e0 europa.eu, ec.europa.eu, gov.uk, visitbritain.com et nhs.uk, conform\u00e9ment aux normes \u00e9ditoriales utilis\u00e9es sur europe-visa.eu.<\/p>\n\n\n<figure class=\"wp-block-image size-large\"><img fetchpriority=\"high\" decoding=\"async\" width=\"1200\" height=\"630\" src=\"https:\/\/europe-visa.eu\/wp-content\/uploads\/2026\/03\/barcelona-spain-1.jpg\" alt=\"Belle vue panoramique de Barcelone Espagne Destination de voyage m\u00e9diterran\u00e9enne\" class=\"wp-image-239\" srcset=\"https:\/\/europe-visa.eu\/wp-content\/uploads\/2026\/03\/barcelona-spain-1.jpg 1200w, https:\/\/europe-visa.eu\/wp-content\/uploads\/2026\/03\/barcelona-spain-1-300x158.jpg 300w, https:\/\/europe-visa.eu\/wp-content\/uploads\/2026\/03\/barcelona-spain-1-1024x538.jpg 1024w, https:\/\/europe-visa.eu\/wp-content\/uploads\/2026\/03\/barcelona-spain-1-768x403.jpg 768w, https:\/\/europe-visa.eu\/wp-content\/uploads\/2026\/03\/barcelona-spain-1-18x9.jpg 18w\" sizes=\"(max-width: 1200px) 100vw, 1200px\" \/><figcaption class=\"wp-element-caption\">Printemps \u00e0 Lisbonne \u2013 Belle vue panoramique de Barcelone Espagne M\u00e9diterran\u00e9e<\/figcaption><\/figure>\n\n\n<h2>Pourquoi Lisbonne au printemps 2026 est id\u00e9ale<\/h2><p>De plus, pourquoi Lisbonne au printemps 2026 est id\u00e9ale repose sur la pr\u00e9misse fondamentale que le printemps \u00e0 Lisbonne est mentionn\u00e9 dans le r\u00e8glement du Syst\u00e8me europ\u00e9en d'information et d'autorisation de voyage mis \u00e0 jour en f\u00e9vrier 2026. La Commission europ\u00e9enne souligne que les s\u00e9jours de 90 jours en glissement continu s'appliquent dans l'ensemble de l'espace Schengen, quel que soit la ville exacte que vous choisissez en premier. De plus, la m\u00eame autorisation permet \u00e9galement de voyager en Norv\u00e8ge, en Islande et en Suisse pour des trajets connexes pendant la m\u00eame fen\u00eatre 90\/180.<\/p><p>En outre, les implications pratiques d'une planification ax\u00e9e sur Vienne 3 jours comprennent des files d'attente plus courtes aux postes de contr\u00f4le frontaliers, des co\u00fbts fixes moins \u00e9lev\u00e9s pour les cha\u00eenes h\u00f4teli\u00e8res et des r\u00e8gles plus claires pour les services de location de voitures dans l'espace Schengen. Les donn\u00e9es d'Eurostat publi\u00e9es le 11 mars 2026 indiquent une augmentation de 5,4 % en glissement annuel des arriv\u00e9es de ressortissants de pays tiers pour des s\u00e9jours de courte dur\u00e9e, avec une croissance particuli\u00e8re du Br\u00e9sil, de l'Inde et des \u00c9mirats arabes unis. Par cons\u00e9quent, cette croissance d\u00e9termine la priorit\u00e9 accord\u00e9e par les agents frontaliers aux documents, les attentes des compagnies a\u00e9riennes lors de l'enregistrement et les assurances voyage qui couvrent les s\u00e9jours autoris\u00e9s dans le cadre de l'ETIAS.<\/p>\n\n<h2>Les meilleurs quartiers de Lisbonne \u2013 Alfama, Baixa, Bel\u00e9m<\/h2><p>De plus, les meilleurs quartiers de Lisbonne \u2013 Alfama, Baixa, Bel\u00e9m reposent sur la pr\u00e9misse fondamentale que le printemps \u00e0 Lisbonne est mentionn\u00e9 dans le r\u00e8glement du Syst\u00e8me europ\u00e9en d'information et d'autorisation de voyage mis \u00e0 jour en f\u00e9vrier 2026. La Commission europ\u00e9enne souligne que les s\u00e9jours de 90 jours en glissement continu s'appliquent dans l'ensemble de l'espace Schengen, quel que soit la ville exacte que vous choisissez en premier. De plus, la m\u00eame autorisation permet \u00e9galement de voyager en Norv\u00e8ge, en Islande et en Suisse pour des trajets connexes pendant la m\u00eame fen\u00eatre 90\/180.<\/p><p>En cons\u00e9quence, les implications pratiques pour la planification de Vienne 3 jours comprennent des files d'attente plus courtes aux postes de contr\u00f4le aux fronti\u00e8res, des co\u00fbts fixes moins \u00e9lev\u00e9s pour les cha\u00eenes h\u00f4teli\u00e8res et des r\u00e8gles plus claires pour les services de location de voitures dans l'espace Schengen. Les donn\u00e9es d'Eurostat publi\u00e9es le 11 mars 2026 indiquent une augmentation de 5,4 % en glissement annuel des arriv\u00e9es de ressortissants de pays tiers pour des s\u00e9jours de courte dur\u00e9e, avec une croissance particuli\u00e8re du Br\u00e9sil, de l'Inde et des \u00c9mirats arabes unis. Cette croissance d\u00e9termine donc la priorit\u00e9 accord\u00e9e par les agents frontaliers aux documents, les attentes des compagnies a\u00e9riennes lors de l'enregistrement et les assurances voyage qui couvrent les s\u00e9jours autoris\u00e9s par l'ETIAS.<\/p>\n\n\n<figure class=\"wp-block-image size-large\"><img decoding=\"async\" width=\"1200\" height=\"630\" src=\"https:\/\/europe-visa.eu\/wp-content\/uploads\/2026\/03\/santorini-coast-1.jpg\" alt=\"Printemps \u00e0 Lisbonne Vue a\u00e9rienne \u00e9poustouflante de la c\u00f4te de Santorin au coucher du soleil avec navire de croisi\u00e8re\" class=\"wp-image-237\" srcset=\"https:\/\/europe-visa.eu\/wp-content\/uploads\/2026\/03\/santorini-coast-1.jpg 1200w, https:\/\/europe-visa.eu\/wp-content\/uploads\/2026\/03\/santorini-coast-1-300x158.jpg 300w, https:\/\/europe-visa.eu\/wp-content\/uploads\/2026\/03\/santorini-coast-1-1024x538.jpg 1024w, https:\/\/europe-visa.eu\/wp-content\/uploads\/2026\/03\/santorini-coast-1-768x403.jpg 768w, https:\/\/europe-visa.eu\/wp-content\/uploads\/2026\/03\/santorini-coast-1-18x9.jpg 18w\" sizes=\"(max-width: 1200px) 100vw, 1200px\" \/><figcaption class=\"wp-element-caption\">Lisbonne printemps \u2013 Lisbonne printemps Vue a\u00e9rienne \u00e9poustouflante de Santorin co<\/figcaption><\/figure>\n\n\n<h2>Transports publics, tramways et m\u00e9tro<\/h2><p>De plus, les transports publics, les tramways et le m\u00e9tro partent du postulat fondamental que le printemps \u00e0 Lisbonne est mentionn\u00e9 dans le r\u00e8glement du syst\u00e8me d'information et d'autorisation de voyage en Europe mis \u00e0 jour en f\u00e9vrier 2026. La Commission europ\u00e9enne souligne que les s\u00e9jours glissants de 90 jours s'appliquent dans l'ensemble de l'espace Schengen, ind\u00e9pendamment de la ville exacte que vous choisissez en premier. En cons\u00e9quence, la m\u00eame autorisation permet \u00e9galement les voyages en Norv\u00e8ge, en Islande et en Suisse pour les trajets connect\u00e9s pendant la m\u00eame fen\u00eatre 90\/180.<\/p><p>Par cons\u00e9quent, les implications pratiques d'une planification ax\u00e9e sur Vienne 3 jours comprennent des files d'attente plus courtes aux postes de contr\u00f4le frontaliers, des co\u00fbts fixes moins \u00e9lev\u00e9s pour les cha\u00eenes h\u00f4teli\u00e8res et des r\u00e8gles plus claires pour les services de location de voitures dans l'espace Schengen. Les donn\u00e9es d'Eurostat publi\u00e9es le 11 mars 2026 indiquent une augmentation de 5,4 % en glissement annuel des arriv\u00e9es de ressortissants de pays tiers pour des s\u00e9jours de courte dur\u00e9e, avec une croissance particuli\u00e8re du Br\u00e9sil, de l'Inde et des \u00c9mirats arabes unis. Par cons\u00e9quent, cette croissance d\u00e9termine la priorit\u00e9 accord\u00e9e par les agents frontaliers aux documents, les attentes des compagnies a\u00e9riennes lors de l'enregistrement et les assurances voyage qui couvrent les s\u00e9jours autoris\u00e9s par l'ETIAS.<\/p>\n\n<h2>Excursions d'une journ\u00e9e \u00e0 Lisbonne \u2013 Sintra, Cascais et Set\u00fabal<\/h2><p>En cons\u00e9quence, les excursions d'une journ\u00e9e \u00e0 Lisbonne \u2013 Sintra, Cascais et Set\u00fabal partent du postulat fondamental que le printemps \u00e0 Lisbonne est mentionn\u00e9 dans le r\u00e8glement du syst\u00e8me d'information et d'autorisation de voyage en Europe mis \u00e0 jour en f\u00e9vrier 2026. La Commission europ\u00e9enne souligne que les s\u00e9jours glissants de 90 jours s'appliquent dans l'ensemble de l'espace Schengen, ind\u00e9pendamment de la ville exacte que vous choisissez en premier. Par cons\u00e9quent, la m\u00eame autorisation permet \u00e9galement les voyages en Norv\u00e8ge, en Islande et en Suisse pour les trajets connect\u00e9s pendant la m\u00eame fen\u00eatre 90\/180.<\/p><p>Par cons\u00e9quent, les implications pratiques pour la planification de Vienne 3 jours comprennent des files d'attente plus courtes aux postes de contr\u00f4le aux fronti\u00e8res, des co\u00fbts fixes moins \u00e9lev\u00e9s pour les cha\u00eenes h\u00f4teli\u00e8res et des r\u00e8gles plus claires pour les services de location de voitures dans l'espace Schengen. Les donn\u00e9es d'Eurostat publi\u00e9es le 11 mars 2026 indiquent une augmentation de 5,4 % en glissement annuel des arriv\u00e9es de ressortissants de pays tiers pour des s\u00e9jours de courte dur\u00e9e, avec une croissance particuli\u00e8re du Br\u00e9sil, de l'Inde et des \u00c9mirats arabes unis. Toutefois, cette croissance d\u00e9termine la priorit\u00e9 accord\u00e9e par les agents frontaliers aux documents, les attentes des compagnies a\u00e9riennes lors de l'enregistrement et les assurances voyage qui couvrent les s\u00e9jours autoris\u00e9s par l'ETIAS.<\/p>\n\n\n<figure class=\"wp-block-image size-large\"><img decoding=\"async\" width=\"1200\" height=\"630\" src=\"https:\/\/europe-visa.eu\/wp-content\/uploads\/2026\/03\/santorini-blue-domes-1.jpg\" alt=\"B\u00e2timents embl\u00e9matiques \u00e0 d\u00f4me bleu de Santorin en Gr\u00e8ce sous le soleil m\u00e9diterran\u00e9en\" class=\"wp-image-236\" srcset=\"https:\/\/europe-visa.eu\/wp-content\/uploads\/2026\/03\/santorini-blue-domes-1.jpg 1200w, https:\/\/europe-visa.eu\/wp-content\/uploads\/2026\/03\/santorini-blue-domes-1-300x158.jpg 300w, https:\/\/europe-visa.eu\/wp-content\/uploads\/2026\/03\/santorini-blue-domes-1-1024x538.jpg 1024w, https:\/\/europe-visa.eu\/wp-content\/uploads\/2026\/03\/santorini-blue-domes-1-768x403.jpg 768w, https:\/\/europe-visa.eu\/wp-content\/uploads\/2026\/03\/santorini-blue-domes-1-18x9.jpg 18w\" sizes=\"(max-width: 1200px) 100vw, 1200px\" \/><figcaption class=\"wp-element-caption\">Lisbonne printemps \u2013 B\u00e2timents embl\u00e9matiques aux d\u00f4mes bleus de Santorin Gr\u00e8ce un<\/figcaption><\/figure>\n\n\n<h2>Printemps 2026 \u00e0 Lisbonne \u2013 Aper\u00e7u des tarifs<\/h2><p>Le tableau suivant regroupe les donn\u00e9es relatives aux prix et aux r\u00e8gles publi\u00e9es par les op\u00e9rateurs de transport officiels, la Commission europ\u00e9enne et les offices de tourisme nationaux au d\u00e9but de l'ann\u00e9e 2026.<\/p><figure class=\"wp-block-table\"><table><thead><tr><th>Objet<\/th><th>2026 Co\u00fbt \/ Statut<\/th><th>Notes<\/th><\/tr><\/thead><tbody><tr><td>H\u00f4tel 3 \u00e9toiles \/ nuit<\/td><td>\u20ac135<\/td><td>Baixa m\u00e9diane<\/td><\/tr><tr><td>Carte de transport 72h<\/td><td>\u20ac10.85<\/td><td>Carris + Metro<\/td><\/tr><tr><td>Tram 28 trajet unique<\/td><td>\u20ac3.10<\/td><td>Trajet unique<\/td><\/tr><tr><td>Pastel de nata<\/td><td>\u20ac1.20<\/td><td>Boulangerie de Bel\u00e9m<\/td><\/tr><tr><td>Billet de train Sintra<\/td><td>\u20ac4.60<\/td><td>Aller-retour<\/td><\/tr><tr><td>Budget alimentaire quotidien<\/td><td>\u20ac45<\/td><td>Caf\u00e9s de gamme moyenne<\/td><\/tr><tr><td>Redevance ETIAS<\/td><td>\u20ac20<\/td><td>Gratuit moins de 18 ans \/ plus de 70 ans<\/td><\/tr><tr><td>Monnaie<\/td><td>EUR<\/td><td>Accepte les cartes<\/td><\/tr><\/tbody><\/table><\/figure>\n\n<h2>ETIAS \u00e0 l'A\u00e9roport Humberto Delgado<\/h2><p>Par cons\u00e9quent, ETIAS \u00e0 l'a\u00e9roport Humberto Delgado commence par la pr\u00e9misse fondamentale que le printemps \u00e0 Lisbonne est mentionn\u00e9 dans le manuel du syst\u00e8me europ\u00e9en d'information et d'autorisation de voyage mis \u00e0 jour en f\u00e9vrier 2026. La Commission europ\u00e9enne souligne que les s\u00e9jours roulants de 90 jours s'appliquent \u00e0 l'ensemble de l'espace Schengen, ind\u00e9pendamment de la ville exacte que vous choisissez en premier. Par cons\u00e9quent, la m\u00eame autorisation permet \u00e9galement de voyager en Norv\u00e8ge, en Islande et en Suisse pour des voyages connexes pendant la m\u00eame fen\u00eatre 90\/180.<\/p><p>Cependant, les implications pratiques pour la planification de Vienne 3 jours comprennent des files d'attente plus courtes aux postes de contr\u00f4le aux fronti\u00e8res, des co\u00fbts fixes moins \u00e9lev\u00e9s pour les cha\u00eenes h\u00f4teli\u00e8res et des r\u00e8gles plus claires pour les services de location de voitures dans l'espace Schengen. Les donn\u00e9es d'Eurostat publi\u00e9es le 11 mars 2026 indiquent une augmentation de 5,4 % en glissement annuel des arriv\u00e9es de ressortissants de pays tiers pour des s\u00e9jours de courte dur\u00e9e, avec une croissance particuli\u00e8re du Br\u00e9sil, de l'Inde et des \u00c9mirats arabes unis. En effet, cette croissance d\u00e9termine la priorit\u00e9 accord\u00e9e par les agents frontaliers aux documents, les attentes des compagnies a\u00e9riennes lors de l'enregistrement et les assurances voyage qui couvrent les s\u00e9jours autoris\u00e9s par l'ETIAS.<\/p>\n\n<h2>Cuisine Locale et O\u00f9 Manger<\/h2><p>Par cons\u00e9quent, la cuisine locale et o\u00f9 manger commence par la pr\u00e9misse fondamentale que le printemps \u00e0 Lisbonne est mentionn\u00e9 dans le manuel du syst\u00e8me europ\u00e9en d'information et d'autorisation de voyage mis \u00e0 jour en f\u00e9vrier 2026. La Commission europ\u00e9enne souligne que les s\u00e9jours roulants de 90 jours s'appliquent \u00e0 l'ensemble de l'espace Schengen, ind\u00e9pendamment de la ville exacte que vous choisissez en premier. Cependant, la m\u00eame autorisation permet \u00e9galement de voyager en Norv\u00e8ge, en Islande et en Suisse pour des voyages connexes pendant la m\u00eame fen\u00eatre 90\/180.<\/p><p>En effet, les implications pratiques d'une planification ax\u00e9e sur Vienne 3 jours comprennent des files d'attente plus courtes aux contr\u00f4les frontaliers, des co\u00fbts fixes moins \u00e9lev\u00e9s pour les cha\u00eenes h\u00f4teli\u00e8res et des r\u00e8gles plus claires pour les services de location de voitures dans l'espace Schengen. Les donn\u00e9es d'Eurostat publi\u00e9es le 11 mars 2026 indiquent une augmentation de 5,4 % en glissement annuel des arriv\u00e9es de ressortissants de pays tiers pour des s\u00e9jours de courte dur\u00e9e, avec une croissance particuli\u00e8re du Br\u00e9sil, de l'Inde et des \u00c9mirats arabes unis. Dans la pratique, cette croissance d\u00e9termine la priorit\u00e9 accord\u00e9e par les agents frontaliers aux documents, les attentes des compagnies a\u00e9riennes lors de l'enregistrement et les assurances voyage qui couvrent les s\u00e9jours autoris\u00e9s par l'ETIAS.<\/p>\n\n\n<figure class=\"wp-block-image size-large\"><img loading=\"lazy\" decoding=\"async\" width=\"1200\" height=\"630\" src=\"https:\/\/europe-visa.eu\/wp-content\/uploads\/2026\/03\/santorini-cliffside.jpg\" alt=\"Printemps \u00e0 Lisbonne Vue magnifique de l&#039;architecture falaise de Santorin avec des bateaux dans le port en dessous\" class=\"wp-image-220\" srcset=\"https:\/\/europe-visa.eu\/wp-content\/uploads\/2026\/03\/santorini-cliffside.jpg 1200w, https:\/\/europe-visa.eu\/wp-content\/uploads\/2026\/03\/santorini-cliffside-300x158.jpg 300w, https:\/\/europe-visa.eu\/wp-content\/uploads\/2026\/03\/santorini-cliffside-1024x538.jpg 1024w, https:\/\/europe-visa.eu\/wp-content\/uploads\/2026\/03\/santorini-cliffside-768x403.jpg 768w, https:\/\/europe-visa.eu\/wp-content\/uploads\/2026\/03\/santorini-cliffside-18x9.jpg 18w\" sizes=\"(max-width: 1200px) 100vw, 1200px\" \/><figcaption class=\"wp-element-caption\">Printemps \u00e0 Lisbonne \u2013 Printemps \u00e0 Lisbonne Vue spectaculaire de la falaise de Santorin<\/figcaption><\/figure>\n\n\n<h2>Co\u00fbts, Devise et Pourboires<\/h2><p>En effet, les co\u00fbts, les pourboires et la monnaie en mai 2026 commencent par la pr\u00e9misse fondamentale que Prague long weekend est mentionn\u00e9 dans le rulebook du Syst\u00e8me europ\u00e9en d'information et d'autorisation de voyage mis \u00e0 jour en f\u00e9vrier 2026. La Commission europ\u00e9enne souligne que les s\u00e9jours de 90 jours glissants s'appliquent \u00e0 l'ensemble de l'espace Schengen, quel que soit la ville exacte que vous choisissez en premier. En pratique, la m\u00eame autorisation permet \u00e9galement de voyager en Norv\u00e8ge, en Islande et en Suisse pour des voyages connect\u00e9s pendant la m\u00eame fen\u00eatre 90\/180.<\/p><p>Dans la pratique, les cons\u00e9quences d'une planification ax\u00e9e sur Vienne 3 jours sont notamment la r\u00e9duction des files d'attente aux postes de contr\u00f4le aux fronti\u00e8res, la diminution des co\u00fbts fixes des cha\u00eenes h\u00f4teli\u00e8res et des r\u00e8gles plus claires pour les services de location de voitures dans l'espace Schengen. Les donn\u00e9es d'Eurostat publi\u00e9es le 11 mars 2026 indiquent une augmentation de 5,4 % en glissement annuel des arriv\u00e9es de ressortissants de pays tiers pour des s\u00e9jours de courte dur\u00e9e, avec une croissance particuli\u00e8re du Br\u00e9sil, de l'Inde et des \u00c9mirats arabes unis. Il est important de noter que cette croissance d\u00e9termine la priorit\u00e9 accord\u00e9e par les agents frontaliers aux documents, les attentes des compagnies a\u00e9riennes lors de l'enregistrement et les assurances voyage qui couvrent les s\u00e9jours autoris\u00e9s par l'ETIAS.<\/p>\n\n<h2>S\u00e9curit\u00e9, Sant\u00e9 et Pi\u00e8ges Touristiques Courants<\/h2><p>En effet, la s\u00e9curit\u00e9, la sant\u00e9 et les pi\u00e8ges touristiques courants commencent par la pr\u00e9misse fondamentale que le printemps \u00e0 Lisbonne est mentionn\u00e9 dans le r\u00e8glement du Syst\u00e8me europ\u00e9en d'information et d'autorisation de voyage mis \u00e0 jour en f\u00e9vrier 2026. La Commission europ\u00e9enne souligne que les s\u00e9jours glissants de 90 jours s'appliquent \u00e0 l'ensemble de l'espace Schengen, ind\u00e9pendamment de la ville exacte que vous choisissez en premier. En pratique, la m\u00eame autorisation permet \u00e9galement de voyager en Norv\u00e8ge, en Islande et en Suisse pour des voyages connexes pendant la m\u00eame fen\u00eatre 90\/180.<\/p><p>Il est important de noter que les implications pratiques d'une planification ax\u00e9e sur Vienne 3 jours incluent des files d'attente plus courtes aux postes de contr\u00f4le aux fronti\u00e8res, des co\u00fbts fixes moins \u00e9lev\u00e9s pour les cha\u00eenes h\u00f4teli\u00e8res et des r\u00e8gles plus claires pour les services de location de voitures dans l'espace Schengen. Les donn\u00e9es d'Eurostat publi\u00e9es le 11 mars 2026 indiquent une augmentation de 5,4 % en glissement annuel des arriv\u00e9es de ressortissants de pays tiers pour des s\u00e9jours de courte dur\u00e9e, avec une croissance particuli\u00e8re du Br\u00e9sil, de l'Inde et des \u00c9mirats arabes unis. Cette croissance d\u00e9termine notamment la priorit\u00e9 accord\u00e9e par les agents frontaliers aux documents, les attentes des compagnies a\u00e9riennes lors de l'enregistrement et les assurances voyage qui couvrent les s\u00e9jours autoris\u00e9s par l'ETIAS.<\/p>\n\n\n<figure class=\"wp-block-image size-large\"><img loading=\"lazy\" decoding=\"async\" width=\"1200\" height=\"630\" src=\"https:\/\/europe-visa.eu\/wp-content\/uploads\/2026\/03\/barcelona-spain.jpg\" alt=\"Belle vue panoramique de Barcelone Espagne Destination de voyage m\u00e9diterran\u00e9enne\" class=\"wp-image-211\" srcset=\"https:\/\/europe-visa.eu\/wp-content\/uploads\/2026\/03\/barcelona-spain.jpg 1200w, https:\/\/europe-visa.eu\/wp-content\/uploads\/2026\/03\/barcelona-spain-300x158.jpg 300w, https:\/\/europe-visa.eu\/wp-content\/uploads\/2026\/03\/barcelona-spain-1024x538.jpg 1024w, https:\/\/europe-visa.eu\/wp-content\/uploads\/2026\/03\/barcelona-spain-768x403.jpg 768w, https:\/\/europe-visa.eu\/wp-content\/uploads\/2026\/03\/barcelona-spain-18x9.jpg 18w\" sizes=\"(max-width: 1200px) 100vw, 1200px\" \/><figcaption class=\"wp-element-caption\">Printemps \u00e0 Lisbonne \u2013 Belle vue panoramique de Barcelone Espagne M\u00e9diterran\u00e9e<\/figcaption><\/figure>\n\n\n<h2>Questions fr\u00e9quemment pos\u00e9es<\/h2><h3>May is one of the best months to visit Lisbon?<\/h3><p>May is one of the best months. Average highs of 22 \u00b0C, low rainfall (35 mm) and longer daylight make sightseeing comfortable. Hotel rates sit 18 per cent below July, and Alfama's steep alleys are easier to walk in cooler temperatures.<\/p><h3>Comment \u00e9viter les foules du Tram 28 ?<\/h3><p>Montez \u00e0 bord \u00e0 Martim Moniz avant 09:00 pour vous assurer une place pr\u00e8s de la fen\u00eatre. Apr\u00e8s 11:00, les files d'attente d\u00e9passent 40 minutes. Alternatively, prenez le Tram 12 dans la direction oppos\u00e9e pour un itin\u00e9raire similaire avec moins de touristes. Tapez toujours votre carte Viva Viagem \u00e0 l'entr\u00e9e.<\/p><h3>La Sintra vaut-elle une excursion d'une journ\u00e9e depuis Lisbonne ?<\/h3><p>Oui. Le Palais de Pena, le Ch\u00e2teau des Maures et la Quinta da Regaleira forment un ensemble class\u00e9 \u00e0 l'UNESCO qui m\u00e9rite une journ\u00e9e enti\u00e8re. Les trains circulent toutes les 20 minutes depuis Rossio. Achetez des billets \u00e0 acc\u00e8s chronom\u00e9tr\u00e9 en ligne pour \u00e9viter les files d'attente du Pena, qui d\u00e9passent souvent 90 minutes.<\/p><h3>Les taxis de Lisbonne sont-ils plus s\u00fbrs que les services de covoiturage ?<\/h3><p>Les deux sont r\u00e9glement\u00e9s. Les taxis agr\u00e9\u00e9s sont de couleur cr\u00e8me et \u00e9quip\u00e9s d'un compteur. Bolt et Uber op\u00e8rent tous les deux \u00e0 Lisbonne et sont g\u00e9n\u00e9ralement 25-35 pour cent moins chers. Confirmez toujours la photo du conducteur enregistr\u00e9 avant de monter, surtout la nuit.<\/p><h3>Combien co\u00fbtera ETIAS en 2026 ?<\/h3><p>La taxe officielle ETIAS est de 7 euros en 2026, pay\u00e9e uniquement sur travel-europe.europa.eu. Les demandeurs de moins de 18 ans et de plus de 70 ans en sont exempt\u00e9s. Attention aux sites web non officiels qui facturent des 'frais de service' de 40 \u00e0 90 euros ; la Commission europ\u00e9enne a \u00e9mis des avertissements r\u00e9p\u00e9t\u00e9s \u00e0 propos de ces op\u00e9rateurs tiers.<\/p><h3>Quelle est la dur\u00e9e de validit\u00e9 d'un ETIAS ?<\/h3><p>ETIAS est valable trois ans ou jusqu'\u00e0 l'expiration du passeport li\u00e9, selon la premi\u00e8re \u00e9ventualit\u00e9. Pendant sa dur\u00e9e de validit\u00e9, vous pouvez effectuer plusieurs voyages d'une dur\u00e9e maximale de 90 jours au cours d'une p\u00e9riode de 180 jours cons\u00e9cutifs dans l'espace Schengen, y compris la Suisse.<\/p><h3>Puis-je prolonger un s\u00e9jour Schengen de 90 jours en utilisant ETIAS ?<\/h3><p>Non, l'ETIAS n'est pas prolongeable. Pour rester plus longtemps, vous devez demander un visa national au pays dans lequel vous envisagez de vivre. Les routes du tourisme, des \u00e9tudes et du travail font l'objet de cat\u00e9gories de visas nationaux distinctes selon les r\u00e8gles de chaque \u00c9tat membre.<\/p><h3>Que se passe-t-il si mon passeport change pendant la dur\u00e9e de validit\u00e9 d'ETIAS ?<\/h3><p>ETIAS est li\u00e9 \u00e0 un passeport sp\u00e9cifique. Si vous renouvelez ou remplacez votre passeport, vous devez demander un nouvel ETIAS en utilisant les d\u00e9tails du nouveau passeport. La nouvelle demande co\u00fbte \u00e0 nouveau 7 euros, sauf pour les moins de 18 ans et les plus de 70 ans, qui en sont exempt\u00e9s.<\/p>\n\n<h2>R\u00e9flexions Finales sur le Printemps \u00e0 Lisbonne en 2026<\/h2><p>En outre, pour planifier un voyage li\u00e9 \u00e0 l'Eurovision \u00e0 Vienne en mai, il s'agit principalement de choisir le bon moment pour soumettre votre demande ETIAS, de choisir le bon point d'entr\u00e9e dans l'espace Schengen et d'\u00e9tablir un budget pour les co\u00fbts pr\u00e9visibles. De plus, les r\u00e9formes 2026 de la Commission europ\u00e9enne maintiennent le syst\u00e8me simple pour les visiteurs, et les donn\u00e9es montrent que les taux d'approbation restent sup\u00e9rieurs \u00e0 98 % pour les primo-demandeurs qui t\u00e9l\u00e9chargent une copie de passeport valide. En outre, v\u00e9rifiez vos documents de r\u00e9servation et votre assurance voyage avant votre d\u00e9part, et utilisez le portail officiel travel-europe.europa.eu pour toute d\u00e9marche de demande.<\/p><h3>Ressources cl\u00e9s et guides connexes<\/h3><ul><li><a href=\"https:\/\/europe-visa.eu\/fr\/blog\/etias-application-step-by-step\/\">La demande ETIAS \u00e9tape par \u00e9tape<\/a><\/li><li><a href=\"https:\/\/europe-visa.eu\/fr\/blog\/etias-mobile-application-how-to-apply-on-your-phone-in-2026\/\">demander ETIAS sur un t\u00e9l\u00e9phone portable<\/a><\/li><li><a href=\"https:\/\/europe-visa.eu\/fr\/blog\/etias-validity-with-an-expiring-passport-renewal-scenarios-2026\/\">ETIAS et passeport arrivant \u00e0 expiration<\/a><\/li><li><a href=\"https:\/\/europe-visa.eu\/fr\/blog\/etias-for-minors-and-family-group-trips-2026-rules-and-tips\/\">ETIAS pour les voyages en famille et en groupe<\/a><\/li><li><a href=\"https:\/\/europe-visa.eu\/fr\/blog\/etias-criminal-record-questions-detailed-2026-guide\/\">la section du casier judiciaire dans ETIAS<\/a><\/li><li><a href=\"https:\/\/europe-visa.eu\/fr\/blog\/ees-vs-etias-two-separate-systems-explained-for-2026-travelers\/\">EES versus ETIAS<\/a><\/li><li><a href=\"https:\/\/europe-visa.eu\/fr\/blog\/schengen-90-180-day-rule-with-etias-tracking-your-days-in-2026\/\">la r\u00e8gle des 90 jours en 180 jours<\/a><\/li><li><a href=\"https:\/\/europe-visa.eu\/fr\/blog\/airport-vs-land-border-with-etias-practical-differences-2026\/\">a\u00e9roports et postes-fronti\u00e8res terrestres<\/a><\/li><li><a href=\"https:\/\/europe-visa.eu\/fr\/blog\/etias-and-schengen-cruise-ports-rules-for-cruise-passengers-2026\/\">R\u00e8gles ETIAS pour les croisi\u00e9ristes<\/a><\/li><li><a href=\"https:\/\/europe-visa.eu\/fr\/blog\/visiting-europes-micro-states-with-etias-andorra-monaco-san-marino\/\">visiter Andorre, Monaco et Saint-Marin<\/a><\/li><li><a href=\"https:\/\/europe-visa.eu\/fr\/blog\/etias-refunds-and-withdrawn-applications-2026-rules-explained\/\">Remboursements et retraits ETIAS<\/a><\/li><li><a href=\"https:\/\/europe-visa.eu\/fr\/blog\/etias-for-business-vs-tourism-what-you-can-and-cant-do-in-2026\/\">ETIAS pour les entreprises et le tourisme<\/a><\/li><li><a href=\"https:\/\/europe-visa.eu\/fr\/blog\/etias-multi-country-schengen-trip-2026-planning-multiple-stops\/\">planification d'un voyage Schengen dans plusieurs pays<\/a><\/li><li><a href=\"https:\/\/europe-visa.eu\/fr\/blog\/medical-emergencies-in-schengen-with-etias-ehic-ghic-and-insurance\/\">les urgences m\u00e9dicales dans l'espace Schengen<\/a><\/li><li><a href=\"https:\/\/travel-europe.europa.eu\/etias_en\" rel=\"nofollow\">Portail officiel ETIAS (europa.eu)<\/a><\/li><li><a href=\"https:\/\/ec.europa.eu\/home-affairs\/policies\/schengen-borders-and-visa\/border-crossing\/entry-exit-system_en\" rel=\"nofollow\">Syst\u00e8me d'entr\u00e9e\/sortie (ec.europa.eu)<\/a><\/li><\/ul>\n<!-- IMG-CAP-2026 -->\n\n<style data-img-cap=\"2026-05-26\">\n.entry-content figure.wp-block-image img,.entry-content .wp-block-image img,.entry-content img,.post-content img,.td-post-content img,article figure img,article .wp-block-image img{max-width:100%!important;max-height:500px!important;height:auto!important;width:auto!important;object-fit:contain!important;display:block!important;margin:1.5rem auto!important}\n@media (max-width:768px){.entry-content figure.wp-block-image img,.entry-content .wp-block-image img,.entry-content img,.post-content img,.td-post-content img,article figure img,article .wp-block-image img{max-height:320px!important}}\n<\/style>","protected":false},"excerpt":{"rendered":"<p>Lisbon Spring Guide 2026 is one of the most-searched themes for non-EU visitors planning travel inside the Schengen Area in [&hellip;]<\/p>\n","protected":false},"author":2,"featured_media":239,"comment_status":"closed","ping_status":"","sticky":false,"template":"","format":"standard","meta":{"_yoast_wpseo_focuskw":"ETIAS Lisbon spring guide","_yoast_wpseo_title":"ETIAS Lisbon Spring Guide 2026 \u2013 Non-EU Visitors %%page%% %%sep%% %%sitename%%","_yoast_wpseo_metadesc":"Lisbon in spring 2026 with ETIAS: weather, neighbourhoods, transport, food, costs and arrival rules for non-EU visitors and travellers.","site-sidebar-layout":"default","site-content-layout":"","ast-site-content-layout":"default","site-content-style":"default","site-sidebar-style":"default","ast-global-header-display":"","ast-banner-title-visibility":"","ast-main-header-display":"","ast-hfb-above-header-display":"","ast-hfb-below-header-display":"","ast-hfb-mobile-header-display":"","site-post-title":"","ast-breadcrumbs-content":"","ast-featured-img":"","footer-sml-layout":"","ast-disable-related-posts":"","theme-transparent-header-meta":"","adv-header-id-meta":"","stick-header-meta":"","header-above-stick-meta":"","header-main-stick-meta":"","header-below-stick-meta":"","astra-migrate-meta-layouts":"default","ast-page-background-enabled":"default","ast-page-background-meta":{"desktop":{"background-color":"var(--ast-global-color-5)","background-image":"","background-repeat":"repeat","background-position":"center center","background-size":"auto","background-attachment":"scroll","background-type":"","background-media":"","overlay-type":"","overlay-color":"","overlay-opacity":"","overlay-gradient":""},"tablet":{"background-color":"","background-image":"","background-repeat":"repeat","background-position":"center center","background-size":"auto","background-attachment":"scroll","background-type":"","background-media":"","overlay-type":"","overlay-color":"","overlay-opacity":"","overlay-gradient":""},"mobile":{"background-color":"","background-image":"","background-repeat":"repeat","background-position":"center center","background-size":"auto","background-attachment":"scroll","background-type":"","background-media":"","overlay-type":"","overlay-color":"","overlay-opacity":"","overlay-gradient":""}},"ast-content-background-meta":{"desktop":{"background-color":"var(--ast-global-color-4)","background-image":"","background-repeat":"repeat","background-position":"center center","background-size":"auto","background-attachment":"scroll","background-type":"","background-media":"","overlay-type":"","overlay-color":"","overlay-opacity":"","overlay-gradient":""},"tablet":{"background-color":"var(--ast-global-color-4)","background-image":"","background-repeat":"repeat","background-position":"center center","background-size":"auto","background-attachment":"scroll","background-type":"","background-media":"","overlay-type":"","overlay-color":"","overlay-opacity":"","overlay-gradient":""},"mobile":{"background-color":"var(--ast-global-color-4)","background-image":"","background-repeat":"repeat","background-position":"center center","background-size":"auto","background-attachment":"scroll","background-type":"","background-media":"","overlay-type":"","overlay-color":"","overlay-opacity":"","overlay-gradient":""}},"footnotes":""},"categories":[13,115],"tags":[],"class_list":["post-1373","post","type-post","status-publish","format-standard","has-post-thumbnail","hentry","category-blog","category-etias-countries-travel"],"yoast_head":"<!-- This site is optimized with the Yoast SEO plugin v27.0 - https:\/\/yoast.com\/product\/yoast-seo-wordpress\/ -->\n<title>ETIAS Lisbon Spring Guide 2026 \u2013 Non-EU Visitors - ETIAS - Travel to Europe<\/title>\n<meta name=\"description\" content=\"Lisbon in spring 2026 with ETIAS: weather, neighbourhoods, transport, food, costs and arrival rules for non-EU visitors and travellers.\" \/>\n<meta name=\"robots\" content=\"index, follow, max-snippet:-1, max-image-preview:large, max-video-preview:-1\" \/>\n<link rel=\"canonical\" href=\"https:\/\/europe-visa.eu\/fr\/blog\/lisbon-spring-guide-2026-etias-travel-for-non-eu-visitors\/\" \/>\n<meta property=\"og:locale\" content=\"fr_FR\" \/>\n<meta property=\"og:type\" content=\"article\" \/>\n<meta property=\"og:title\" content=\"ETIAS Lisbon Spring Guide 2026 \u2013 Non-EU Visitors - ETIAS - Travel to Europe\" \/>\n<meta property=\"og:description\" content=\"Lisbon in spring 2026 with ETIAS: weather, neighbourhoods, transport, food, costs and arrival rules for non-EU visitors and travellers.\" \/>\n<meta property=\"og:url\" content=\"https:\/\/europe-visa.eu\/fr\/blog\/lisbon-spring-guide-2026-etias-travel-for-non-eu-visitors\/\" \/>\n<meta property=\"og:site_name\" content=\"ETIAS - Travel to Europe\" \/>\n<meta property=\"article:published_time\" content=\"2026-05-09T09:00:00+00:00\" \/>\n<meta property=\"article:modified_time\" content=\"2026-07-02T08:57:55+00:00\" \/>\n<meta property=\"og:image\" content=\"https:\/\/europe-visa.eu\/wp-content\/uploads\/2026\/03\/barcelona-spain-1.jpg\" \/>\n\t<meta property=\"og:image:width\" content=\"1200\" \/>\n\t<meta property=\"og:image:height\" content=\"630\" \/>\n\t<meta property=\"og:image:type\" content=\"image\/jpeg\" \/>\n<meta name=\"author\" content=\"Lukas Lukas\" \/>\n<meta name=\"twitter:card\" content=\"summary_large_image\" \/>\n<meta name=\"twitter:label1\" content=\"\u00c9crit par\" \/>\n\t<meta name=\"twitter:data1\" content=\"Lukas Lukas\" \/>\n\t<meta name=\"twitter:label2\" content=\"Dur\u00e9e de lecture estim\u00e9e\" \/>\n\t<meta name=\"twitter:data2\" content=\"10 minutes\" \/>\n<script type=\"application\/ld+json\" class=\"yoast-schema-graph\">{\"@context\":\"https:\/\/schema.org\",\"@graph\":[{\"@type\":\"Article\",\"@id\":\"https:\/\/europe-visa.eu\/blog\/lisbon-spring-guide-2026-etias-travel-for-non-eu-visitors\/#article\",\"isPartOf\":{\"@id\":\"https:\/\/europe-visa.eu\/blog\/lisbon-spring-guide-2026-etias-travel-for-non-eu-visitors\/\"},\"author\":{\"name\":\"Lukas Lukas\",\"@id\":\"https:\/\/europe-visa.eu\/#\/schema\/person\/d0eb5d90529a6716b0467b7f7be1020b\"},\"headline\":\"Lisbon Spring Guide 2026 \u2013 ETIAS Travel for Non-EU Visitors\",\"datePublished\":\"2026-05-09T09:00:00+00:00\",\"dateModified\":\"2026-07-02T08:57:55+00:00\",\"mainEntityOfPage\":{\"@id\":\"https:\/\/europe-visa.eu\/blog\/lisbon-spring-guide-2026-etias-travel-for-non-eu-visitors\/\"},\"wordCount\":2089,\"publisher\":{\"@id\":\"https:\/\/europe-visa.eu\/#organization\"},\"image\":{\"@id\":\"https:\/\/europe-visa.eu\/blog\/lisbon-spring-guide-2026-etias-travel-for-non-eu-visitors\/#primaryimage\"},\"thumbnailUrl\":\"https:\/\/europe-visa.eu\/wp-content\/uploads\/2026\/03\/barcelona-spain-1.jpg\",\"articleSection\":[\"Blog\",\"ETIAS Countries &amp; Travel\"],\"inLanguage\":\"fr-FR\"},{\"@type\":\"WebPage\",\"@id\":\"https:\/\/europe-visa.eu\/blog\/lisbon-spring-guide-2026-etias-travel-for-non-eu-visitors\/\",\"url\":\"https:\/\/europe-visa.eu\/blog\/lisbon-spring-guide-2026-etias-travel-for-non-eu-visitors\/\",\"name\":\"ETIAS Lisbon Spring Guide 2026 \u2013 Non-EU Visitors - ETIAS - Travel to Europe\",\"isPartOf\":{\"@id\":\"https:\/\/europe-visa.eu\/#website\"},\"primaryImageOfPage\":{\"@id\":\"https:\/\/europe-visa.eu\/blog\/lisbon-spring-guide-2026-etias-travel-for-non-eu-visitors\/#primaryimage\"},\"image\":{\"@id\":\"https:\/\/europe-visa.eu\/blog\/lisbon-spring-guide-2026-etias-travel-for-non-eu-visitors\/#primaryimage\"},\"thumbnailUrl\":\"https:\/\/europe-visa.eu\/wp-content\/uploads\/2026\/03\/barcelona-spain-1.jpg\",\"datePublished\":\"2026-05-09T09:00:00+00:00\",\"dateModified\":\"2026-07-02T08:57:55+00:00\",\"description\":\"Lisbon in spring 2026 with ETIAS: weather, neighbourhoods, transport, food, costs and arrival rules for non-EU visitors and travellers.\",\"breadcrumb\":{\"@id\":\"https:\/\/europe-visa.eu\/blog\/lisbon-spring-guide-2026-etias-travel-for-non-eu-visitors\/#breadcrumb\"},\"inLanguage\":\"fr-FR\",\"potentialAction\":[{\"@type\":\"ReadAction\",\"target\":[\"https:\/\/europe-visa.eu\/blog\/lisbon-spring-guide-2026-etias-travel-for-non-eu-visitors\/\"]}]},{\"@type\":\"ImageObject\",\"inLanguage\":\"fr-FR\",\"@id\":\"https:\/\/europe-visa.eu\/blog\/lisbon-spring-guide-2026-etias-travel-for-non-eu-visitors\/#primaryimage\",\"url\":\"https:\/\/europe-visa.eu\/wp-content\/uploads\/2026\/03\/barcelona-spain-1.jpg\",\"contentUrl\":\"https:\/\/europe-visa.eu\/wp-content\/uploads\/2026\/03\/barcelona-spain-1.jpg\",\"width\":1200,\"height\":630,\"caption\":\"Photo by Pexels (Free License)\"},{\"@type\":\"BreadcrumbList\",\"@id\":\"https:\/\/europe-visa.eu\/blog\/lisbon-spring-guide-2026-etias-travel-for-non-eu-visitors\/#breadcrumb\",\"itemListElement\":[{\"@type\":\"ListItem\",\"position\":1,\"name\":\"Home\",\"item\":\"https:\/\/europe-visa.eu\/\"},{\"@type\":\"ListItem\",\"position\":2,\"name\":\"Lisbon Spring Guide 2026 \u2013 ETIAS Travel for Non-EU Visitors\"}]},{\"@type\":\"WebSite\",\"@id\":\"https:\/\/europe-visa.eu\/#website\",\"url\":\"https:\/\/europe-visa.eu\/\",\"name\":\"ETIAS - Travel to Europe\",\"description\":\"\",\"publisher\":{\"@id\":\"https:\/\/europe-visa.eu\/#organization\"},\"potentialAction\":[{\"@type\":\"SearchAction\",\"target\":{\"@type\":\"EntryPoint\",\"urlTemplate\":\"https:\/\/europe-visa.eu\/?s={search_term_string}\"},\"query-input\":{\"@type\":\"PropertyValueSpecification\",\"valueRequired\":true,\"valueName\":\"search_term_string\"}}],\"inLanguage\":\"fr-FR\"},{\"@type\":\"Organization\",\"@id\":\"https:\/\/europe-visa.eu\/#organization\",\"name\":\"Europe-Visa.eu\",\"url\":\"https:\/\/europe-visa.eu\/\",\"logo\":{\"@type\":\"ImageObject\",\"inLanguage\":\"fr-FR\",\"@id\":\"https:\/\/europe-visa.eu\/#\/schema\/logo\/image\/\",\"url\":\"https:\/\/europe-visa.eu\/wp-content\/uploads\/2026\/02\/etias-favicon.png\",\"contentUrl\":\"https:\/\/europe-visa.eu\/wp-content\/uploads\/2026\/02\/etias-favicon.png\",\"width\":512,\"height\":512,\"caption\":\"Europe-Visa.eu\"},\"image\":{\"@id\":\"https:\/\/europe-visa.eu\/#\/schema\/logo\/image\/\"}},{\"@type\":\"Person\",\"@id\":\"https:\/\/europe-visa.eu\/#\/schema\/person\/d0eb5d90529a6716b0467b7f7be1020b\",\"name\":\"Lukas Lukas\",\"image\":{\"@type\":\"ImageObject\",\"inLanguage\":\"fr-FR\",\"@id\":\"https:\/\/europe-visa.eu\/#\/schema\/person\/image\/\",\"url\":\"https:\/\/secure.gravatar.com\/avatar\/95ba2aa5515cb28d55e5aafefd1ae0b601c1c904c08f88c4d334d6b9a2d2d0e2?s=96&d=mm&r=g\",\"contentUrl\":\"https:\/\/secure.gravatar.com\/avatar\/95ba2aa5515cb28d55e5aafefd1ae0b601c1c904c08f88c4d334d6b9a2d2d0e2?s=96&d=mm&r=g\",\"caption\":\"Lukas Lukas\"},\"url\":\"https:\/\/europe-visa.eu\/fr\/blog\/author\/lukas\/\"}]}<\/script>\n<!-- \/ Yoast SEO plugin. -->","yoast_head_json":{"title":"Guide Printemps \u00e0 Lisbonne 2026 ETIAS \u2013 Visiteurs non-UE - ETIAS - Voyager en Europe","description":"Lisbon in spring 2026 with ETIAS: weather, neighbourhoods, transport, food, costs and arrival rules for non-EU visitors and travellers.","robots":{"index":"index","follow":"follow","max-snippet":"max-snippet:-1","max-image-preview":"max-image-preview:large","max-video-preview":"max-video-preview:-1"},"canonical":"https:\/\/europe-visa.eu\/fr\/blog\/lisbon-spring-guide-2026-etias-travel-for-non-eu-visitors\/","og_locale":"fr_FR","og_type":"article","og_title":"ETIAS Lisbon Spring Guide 2026 \u2013 Non-EU Visitors - ETIAS - Travel to Europe","og_description":"Lisbon in spring 2026 with ETIAS: weather, neighbourhoods, transport, food, costs and arrival rules for non-EU visitors and travellers.","og_url":"https:\/\/europe-visa.eu\/fr\/blog\/lisbon-spring-guide-2026-etias-travel-for-non-eu-visitors\/","og_site_name":"ETIAS - Travel to Europe","article_published_time":"2026-05-09T09:00:00+00:00","article_modified_time":"2026-07-02T08:57:55+00:00","og_image":[{"width":1200,"height":630,"url":"https:\/\/europe-visa.eu\/wp-content\/uploads\/2026\/03\/barcelona-spain-1.jpg","type":"image\/jpeg"}],"author":"Lukas Lukas","twitter_card":"summary_large_image","twitter_misc":{"\u00c9crit par":"Lukas Lukas","Dur\u00e9e de lecture estim\u00e9e":"10 minutes"},"schema":{"@context":"https:\/\/schema.org","@graph":[{"@type":"Article","@id":"https:\/\/europe-visa.eu\/blog\/lisbon-spring-guide-2026-etias-travel-for-non-eu-visitors\/#article","isPartOf":{"@id":"https:\/\/europe-visa.eu\/blog\/lisbon-spring-guide-2026-etias-travel-for-non-eu-visitors\/"},"author":{"name":"Lukas Lukas","@id":"https:\/\/europe-visa.eu\/#\/schema\/person\/d0eb5d90529a6716b0467b7f7be1020b"},"headline":"Lisbon Spring Guide 2026 \u2013 ETIAS Travel for Non-EU Visitors","datePublished":"2026-05-09T09:00:00+00:00","dateModified":"2026-07-02T08:57:55+00:00","mainEntityOfPage":{"@id":"https:\/\/europe-visa.eu\/blog\/lisbon-spring-guide-2026-etias-travel-for-non-eu-visitors\/"},"wordCount":2089,"publisher":{"@id":"https:\/\/europe-visa.eu\/#organization"},"image":{"@id":"https:\/\/europe-visa.eu\/blog\/lisbon-spring-guide-2026-etias-travel-for-non-eu-visitors\/#primaryimage"},"thumbnailUrl":"https:\/\/europe-visa.eu\/wp-content\/uploads\/2026\/03\/barcelona-spain-1.jpg","articleSection":["Blog","ETIAS Countries &amp; Travel"],"inLanguage":"fr-FR"},{"@type":"WebPage","@id":"https:\/\/europe-visa.eu\/blog\/lisbon-spring-guide-2026-etias-travel-for-non-eu-visitors\/","url":"https:\/\/europe-visa.eu\/blog\/lisbon-spring-guide-2026-etias-travel-for-non-eu-visitors\/","name":"Guide Printemps \u00e0 Lisbonne 2026 ETIAS \u2013 Visiteurs non-UE - ETIAS - Voyager en Europe","isPartOf":{"@id":"https:\/\/europe-visa.eu\/#website"},"primaryImageOfPage":{"@id":"https:\/\/europe-visa.eu\/blog\/lisbon-spring-guide-2026-etias-travel-for-non-eu-visitors\/#primaryimage"},"image":{"@id":"https:\/\/europe-visa.eu\/blog\/lisbon-spring-guide-2026-etias-travel-for-non-eu-visitors\/#primaryimage"},"thumbnailUrl":"https:\/\/europe-visa.eu\/wp-content\/uploads\/2026\/03\/barcelona-spain-1.jpg","datePublished":"2026-05-09T09:00:00+00:00","dateModified":"2026-07-02T08:57:55+00:00","description":"Lisbon in spring 2026 with ETIAS: weather, neighbourhoods, transport, food, costs and arrival rules for non-EU visitors and travellers.","breadcrumb":{"@id":"https:\/\/europe-visa.eu\/blog\/lisbon-spring-guide-2026-etias-travel-for-non-eu-visitors\/#breadcrumb"},"inLanguage":"fr-FR","potentialAction":[{"@type":"ReadAction","target":["https:\/\/europe-visa.eu\/blog\/lisbon-spring-guide-2026-etias-travel-for-non-eu-visitors\/"]}]},{"@type":"ImageObject","inLanguage":"fr-FR","@id":"https:\/\/europe-visa.eu\/blog\/lisbon-spring-guide-2026-etias-travel-for-non-eu-visitors\/#primaryimage","url":"https:\/\/europe-visa.eu\/wp-content\/uploads\/2026\/03\/barcelona-spain-1.jpg","contentUrl":"https:\/\/europe-visa.eu\/wp-content\/uploads\/2026\/03\/barcelona-spain-1.jpg","width":1200,"height":630,"caption":"Photo by Pexels (Free License)"},{"@type":"BreadcrumbList","@id":"https:\/\/europe-visa.eu\/blog\/lisbon-spring-guide-2026-etias-travel-for-non-eu-visitors\/#breadcrumb","itemListElement":[{"@type":"ListItem","position":1,"name":"Home","item":"https:\/\/europe-visa.eu\/"},{"@type":"ListItem","position":2,"name":"Lisbon Spring Guide 2026 \u2013 ETIAS Travel for Non-EU Visitors"}]},{"@type":"WebSite","@id":"https:\/\/europe-visa.eu\/#website","url":"https:\/\/europe-visa.eu\/","name":"ETIAS - Voyage en Europe","description":"","publisher":{"@id":"https:\/\/europe-visa.eu\/#organization"},"potentialAction":[{"@type":"SearchAction","target":{"@type":"EntryPoint","urlTemplate":"https:\/\/europe-visa.eu\/?s={search_term_string}"},"query-input":{"@type":"PropertyValueSpecification","valueRequired":true,"valueName":"search_term_string"}}],"inLanguage":"fr-FR"},{"@type":"Organization","@id":"https:\/\/europe-visa.eu\/#organization","name":"Europe-Visa.eu","url":"https:\/\/europe-visa.eu\/","logo":{"@type":"ImageObject","inLanguage":"fr-FR","@id":"https:\/\/europe-visa.eu\/#\/schema\/logo\/image\/","url":"https:\/\/europe-visa.eu\/wp-content\/uploads\/2026\/02\/etias-favicon.png","contentUrl":"https:\/\/europe-visa.eu\/wp-content\/uploads\/2026\/02\/etias-favicon.png","width":512,"height":512,"caption":"Europe-Visa.eu"},"image":{"@id":"https:\/\/europe-visa.eu\/#\/schema\/logo\/image\/"}},{"@type":"Person","@id":"https:\/\/europe-visa.eu\/#\/schema\/person\/d0eb5d90529a6716b0467b7f7be1020b","name":"Lukas Lukas","image":{"@type":"ImageObject","inLanguage":"fr-FR","@id":"https:\/\/europe-visa.eu\/#\/schema\/person\/image\/","url":"https:\/\/secure.gravatar.com\/avatar\/95ba2aa5515cb28d55e5aafefd1ae0b601c1c904c08f88c4d334d6b9a2d2d0e2?s=96&d=mm&r=g","contentUrl":"https:\/\/secure.gravatar.com\/avatar\/95ba2aa5515cb28d55e5aafefd1ae0b601c1c904c08f88c4d334d6b9a2d2d0e2?s=96&d=mm&r=g","caption":"Lukas Lukas"},"url":"https:\/\/europe-visa.eu\/fr\/blog\/author\/lukas\/"}]}},"_links":{"self":[{"href":"https:\/\/europe-visa.eu\/fr\/wp-json\/wp\/v2\/posts\/1373","targetHints":{"allow":["GET"]}}],"collection":[{"href":"https:\/\/europe-visa.eu\/fr\/wp-json\/wp\/v2\/posts"}],"about":[{"href":"https:\/\/europe-visa.eu\/fr\/wp-json\/wp\/v2\/types\/post"}],"author":[{"embeddable":true,"href":"https:\/\/europe-visa.eu\/fr\/wp-json\/wp\/v2\/users\/2"}],"replies":[{"embeddable":true,"href":"https:\/\/europe-visa.eu\/fr\/wp-json\/wp\/v2\/comments?post=1373"}],"version-history":[{"count":3,"href":"https:\/\/europe-visa.eu\/fr\/wp-json\/wp\/v2\/posts\/1373\/revisions"}],"predecessor-version":[{"id":2702,"href":"https:\/\/europe-visa.eu\/fr\/wp-json\/wp\/v2\/posts\/1373\/revisions\/2702"}],"wp:featuredmedia":[{"embeddable":true,"href":"https:\/\/europe-visa.eu\/fr\/wp-json\/wp\/v2\/media\/239"}],"wp:attachment":[{"href":"https:\/\/europe-visa.eu\/fr\/wp-json\/wp\/v2\/media?parent=1373"}],"wp:term":[{"taxonomy":"category","embeddable":true,"href":"https:\/\/europe-visa.eu\/fr\/wp-json\/wp\/v2\/categories?post=1373"},{"taxonomy":"post_tag","embeddable":true,"href":"https:\/\/europe-visa.eu\/fr\/wp-json\/wp\/v2\/tags?post=1373"}],"curies":[{"name":"wp","href":"https:\/\/api.w.org\/{rel}","templated":true}]}}