{"id":1238,"date":"2026-04-16T18:00:00","date_gmt":"2026-04-16T18:00:00","guid":{"rendered":"https:\/\/europe-visa.eu\/?p=1238"},"modified":"2026-06-01T18:59:14","modified_gmt":"2026-06-01T18:59:14","slug":"etias-grace-period-travel-without-until-april-2027","status":"publish","type":"post","link":"https:\/\/europe-visa.eu\/pt\/blog\/etias-grace-period-travel-without-until-april-2027\/","title":{"rendered":"Per\u00edodo de car\u00eancia do ETIAS: Viaje sem o ETIAS at\u00e9 abril de 2027"},"content":{"rendered":"<p>O <strong>Per\u00edodo de car\u00eancia do ETIAS<\/strong> vai do lan\u00e7amento no quarto trimestre de 2026 at\u00e9 aproximadamente abril de 2027, dando a milh\u00f5es de viajantes tempo para se adaptarem ao novo sistema de autoriza\u00e7\u00e3o europeu. Al\u00e9m disso, durante o per\u00edodo de car\u00eancia, os viajantes sem um ETIAS ainda podem entrar no espa\u00e7o Schengen, desde que atendam a todas as outras condi\u00e7\u00f5es de entrada. Al\u00e9m disso, este guia explica o que muda depois de abril de 2027, quais pol\u00edticas das companhias a\u00e9reas permanecem flex\u00edveis e por que a solicita\u00e7\u00e3o antecipada ainda \u00e9 a atitude mais inteligente. Al\u00e9m disso, abordamos a discri\u00e7\u00e3o dos agentes de fronteira, as exce\u00e7\u00f5es das companhias a\u00e9reas e o prazo final de aplica\u00e7\u00e3o. Consequentemente, voc\u00ea navegar\u00e1 tranquilamente pela transi\u00e7\u00e3o sem correr o risco de ter o embarque negado ou itiner\u00e1rios perdidos. Al\u00e9m disso, o per\u00edodo de car\u00eancia \u00e9 intencionalmente generoso para evitar choques no setor de viagens. Portanto, use a janela com sabedoria para colocar sua autoriza\u00e7\u00e3o em ordem em vez de testar a toler\u00e2ncia das transportadoras e dos agentes de fronteira durante esses meses de transi\u00e7\u00e3o.<\/p>\n<h2>O que \u00e9 o per\u00edodo de car\u00eancia do ETIAS?<\/h2>\n<p>A Comiss\u00e3o Europeia planejou uma fase de transi\u00e7\u00e3o de pelo menos seis meses ap\u00f3s a entrada em opera\u00e7\u00e3o do ETIAS. Al\u00e9m disso, durante essa fase, os viajantes que esquecerem ou atrasarem a solicita\u00e7\u00e3o ainda poder\u00e3o entrar no espa\u00e7o Schengen se outros documentos e condi\u00e7\u00f5es estiverem em ordem. Al\u00e9m disso, o objetivo \u00e9 evitar interrup\u00e7\u00f5es em massa nos aeroportos durante a implanta\u00e7\u00e3o do sistema.<\/p>\n<p>Al\u00e9m disso, o per\u00edodo de car\u00eancia termina aproximadamente em abril de 2027. Portanto, ap\u00f3s essa data, o ETIAS se torna estritamente obrigat\u00f3rio. Veja <a href=\"https:\/\/europe-visa.eu\/pt\/blog\/etias-launch-q4-2026-official-timeline-guide\/\">o cronograma de lan\u00e7amento<\/a> para obter as datas exatas dos marcos e a confirma\u00e7\u00e3o da Frontex.<\/p>\n<h2>Quem se beneficia do per\u00edodo de car\u00eancia?<\/h2>\n<p>Os viajantes que reservam passagens antes do an\u00fancio do lan\u00e7amento, os idosos menos atentos \u00e0s atualiza\u00e7\u00f5es digitais e os passageiros de neg\u00f3cios de \u00faltima hora se beneficiam da flexibilidade da transi\u00e7\u00e3o. Al\u00e9m disso, os av\u00f3s que visitam os netos na Europa geralmente n\u00e3o t\u00eam tempo para navegar em sistemas on-line complexos. Al\u00e9m disso, o per\u00edodo de car\u00eancia evita interrup\u00e7\u00f5es familiares durante o lan\u00e7amento.<\/p>\n<p>Al\u00e9m disso, as companhias a\u00e9reas se beneficiam de menos disputas no check-in. Portanto, a janela de seis meses \u00e9 vantajosa para as autoridades e o setor de viagens. Consequentemente, a UE mant\u00e9m o fluxo de turismo e, ao mesmo tempo, aumenta a conformidade com o ETIAS ao longo do tempo.<\/p>\n<figure class=\"wp-block-image size-large\"><img loading=\"lazy\" decoding=\"async\" width=\"1200\" height=\"630\" src=\"https:\/\/europe-visa.eu\/wp-content\/uploads\/2026\/03\/etias-transitional.jpg\" alt=\"Implementa\u00e7\u00e3o do per\u00edodo de transi\u00e7\u00e3o do ETIAS 2026-2027\" class=\"aligncenter size-full wp-image-1145\" srcset=\"https:\/\/europe-visa.eu\/wp-content\/uploads\/2026\/03\/etias-transitional.jpg 1200w, https:\/\/europe-visa.eu\/wp-content\/uploads\/2026\/03\/etias-transitional-300x158.jpg 300w, https:\/\/europe-visa.eu\/wp-content\/uploads\/2026\/03\/etias-transitional-1024x538.jpg 1024w, https:\/\/europe-visa.eu\/wp-content\/uploads\/2026\/03\/etias-transitional-768x403.jpg 768w, https:\/\/europe-visa.eu\/wp-content\/uploads\/2026\/03\/etias-transitional-18x9.jpg 18w\" sizes=\"auto, (max-width: 1200px) 100vw, 1200px\" \/><\/figure>\n\n<h2>Por que voc\u00ea ainda deve se candidatar durante o per\u00edodo de car\u00eancia<\/h2>\n<p>As companhias a\u00e9reas mant\u00eam o direito de recusar o embarque mesmo durante o per\u00edodo de car\u00eancia. Al\u00e9m disso, as companhias a\u00e9reas individuais, como a Ryanair e a Lufthansa, sinalizaram um cumprimento rigoroso desde o primeiro dia. Al\u00e9m disso, esperar at\u00e9 o \u00faltimo minuto durante a transi\u00e7\u00e3o pode causar atrasos nos voos se os agentes de fronteira demorarem a processar os viajantes n\u00e3o autorizados.<\/p>\n<p>Al\u00e9m disso, a inscri\u00e7\u00e3o durante as primeiras semanas do lan\u00e7amento evita o congestionamento da fila pr\u00f3ximo ao prazo de aplica\u00e7\u00e3o. Portanto, <a href=\"https:\/\/europe-visa.eu\/pt\/blog\/etias-application-guide-step-by-step-2026\/\">Inscreva-se assim que for eleg\u00edvel<\/a>. Como resultado, voc\u00ea evita a correria de abril de 2027 e embarca em todos os voos sem surpresas.<\/p>\n<h2>Discricionariedade do agente de fronteira durante a transi\u00e7\u00e3o<\/h2>\n<p>Mesmo com o per\u00edodo de car\u00eancia, os agentes de fronteira mant\u00eam a autoridade final sobre a entrada. Al\u00e9m disso, os viajantes sem o ETIAS enfrentam questionamentos prolongados, verifica\u00e7\u00f5es de documentos e poss\u00edvel inspe\u00e7\u00e3o secund\u00e1ria. Al\u00e9m disso, aeroportos de grande volume, como o Paris CDG e o Amsterdam Schiphol, implantam port\u00f5es biom\u00e9tricos mais r\u00e1pidos para portadores do ETIAS pr\u00e9-autorizados.<\/p>\n<p>Al\u00e9m disso, os oficiais podem solicitar comprovante de acomoda\u00e7\u00e3o, passagens de volta e recursos financeiros. Portanto, leve consigo os documentos comprobat\u00f3rios. Veja <a href=\"https:\/\/europe-visa.eu\/pt\/blog\/etias-air-land-sea-border-entry-rules\/\">regras de entrada na fronteira<\/a> para cada modo de entrada, incluindo balsas e trens.<\/p>\n<h2>Pol\u00edticas da companhia a\u00e9rea por companhia<\/h2>\n<p>As principais companhias a\u00e9reas europeias, como Air France, KLM, Lufthansa e Iberia, planejam verificar o ETIAS no check-in a partir do quarto trimestre de 2026, mas aceitam passageiros que n\u00e3o sejam do ETIAS durante o per\u00edodo de car\u00eancia se seu pa\u00eds for isento de visto. Al\u00e9m disso, as companhias a\u00e9reas norte-americanas seguem protocolos semelhantes. Al\u00e9m disso, as companhias a\u00e9reas de baixo custo, como a Ryanair e a Wizz Air, s\u00e3o mais rigorosas e podem recusar o embarque mesmo durante a transi\u00e7\u00e3o.<\/p>\n<figure class=\"wp-block-image size-large\"><img loading=\"lazy\" decoding=\"async\" width=\"1000\" height=\"750\" src=\"https:\/\/europe-visa.eu\/wp-content\/uploads\/2026\/03\/pexels-photo-259967.jpeg\" alt=\"Ru\u00ednas antigas de Machu Picchu no Peru - imagem em destaque no guia de viagens ETIAS para Europe-Visa.eu\" class=\"aligncenter size-full wp-image-1089\" srcset=\"https:\/\/europe-visa.eu\/wp-content\/uploads\/2026\/03\/pexels-photo-259967.jpeg 1000w, https:\/\/europe-visa.eu\/wp-content\/uploads\/2026\/03\/pexels-photo-259967-300x225.jpeg 300w, https:\/\/europe-visa.eu\/wp-content\/uploads\/2026\/03\/pexels-photo-259967-768x576.jpeg 768w, https:\/\/europe-visa.eu\/wp-content\/uploads\/2026\/03\/pexels-photo-259967-16x12.jpeg 16w\" sizes=\"auto, (max-width: 1000px) 100vw, 1000px\" \/><\/figure>\n\n<p>Al\u00e9m disso, as equipes de conformidade das companhias a\u00e9reas treinam o pessoal para a verifica\u00e7\u00e3o do ETIAS no final de 2026. Portanto, as pol\u00edticas podem se tornar mais r\u00edgidas rapidamente. Consequentemente, verifique o \u00faltimo aviso de passageiros de sua companhia a\u00e9rea antes de chegar ao aeroporto.<\/p>\n<h2>Seguro de viagem e o per\u00edodo de car\u00eancia<\/h2>\n<p>As ap\u00f3lices de seguro de viagem \u00e0s vezes exigem autoriza\u00e7\u00e3o do ETIAS como prova de prepara\u00e7\u00e3o adequada antes da viagem. Al\u00e9m disso, sem o ETIAS, as solicita\u00e7\u00f5es de recusa de embarque podem ser rejeitadas por serem evit\u00e1veis. Al\u00e9m disso, verifique o texto de sua ap\u00f3lice antes de voar durante o per\u00edodo de car\u00eancia.<\/p>\n<p>Al\u00e9m disso, a cobertura de cancelamento varia de acordo com o provedor. Portanto, confirme se o seu seguro trata a viagem com per\u00edodo de car\u00eancia da mesma forma que a viagem autorizada. Como resultado, voc\u00ea evita disputas se surgir um problema de \u00faltima hora no check-in ou na zona de fronteira do aeroporto.<\/p>\n<h2>Aplica\u00e7\u00e3o total ap\u00f3s abril de 2027<\/h2>\n<p>De abril de 2027 em diante, o ETIAS se tornar\u00e1 obrigat\u00f3rio em todas as fronteiras a\u00e9reas, terrestres e mar\u00edtimas. Al\u00e9m disso, as companhias a\u00e9reas recusar\u00e3o o embarque, e os oficiais nos cruzamentos mar\u00edtimos e terrestres negar\u00e3o a entrada. Al\u00e9m disso, n\u00e3o h\u00e1 exce\u00e7\u00f5es al\u00e9m das isen\u00e7\u00f5es padr\u00e3o do ETIAS, como cidadania da UE ou status de residente.<\/p>\n<p>Al\u00e9m disso, as multas para as transportadoras que transportam viajantes n\u00e3o autorizados aumentam substancialmente. Portanto, a conformidade se torna rigorosa em todo o setor. Consequentemente, planeje todas as viagens ap\u00f3s abril de 2027 com o ETIAS aplicado e aprovado pelo menos 96 horas antes da partida.<\/p>\n<h2>O que acontece se o embarque for negado?<\/h2>\n<p>A recusa de embarque durante a transi\u00e7\u00e3o normalmente resulta em um breve atraso enquanto o viajante envia um aplicativo ETIAS de emerg\u00eancia via dispositivo m\u00f3vel. Al\u00e9m disso, as decis\u00f5es geralmente s\u00e3o tomadas em minutos. Al\u00e9m disso, as companhias a\u00e9reas oferecem cada vez mais Wi-Fi e quiosques para envios urgentes. Consequentemente, o incidente geralmente \u00e9 resolvido em uma hora.<\/p>\n<figure class=\"wp-block-image size-large\"><img loading=\"lazy\" decoding=\"async\" width=\"1200\" height=\"800\" src=\"https:\/\/europe-visa.eu\/wp-content\/uploads\/2026\/04\/etias-europe-map-planning.jpg\" alt=\"M\u00e3o com caneta planejando rota de viagem em um mapa da Europa - Planejamento de aplicativo ETIAS\" class=\"aligncenter size-full wp-image-1182\" srcset=\"https:\/\/europe-visa.eu\/wp-content\/uploads\/2026\/04\/etias-europe-map-planning.jpg 1200w, https:\/\/europe-visa.eu\/wp-content\/uploads\/2026\/04\/etias-europe-map-planning-300x200.jpg 300w, https:\/\/europe-visa.eu\/wp-content\/uploads\/2026\/04\/etias-europe-map-planning-1024x683.jpg 1024w, https:\/\/europe-visa.eu\/wp-content\/uploads\/2026\/04\/etias-europe-map-planning-768x512.jpg 768w, https:\/\/europe-visa.eu\/wp-content\/uploads\/2026\/04\/etias-europe-map-planning-18x12.jpg 18w\" sizes=\"auto, (max-width: 1200px) 100vw, 1200px\" \/><\/figure>\n\n<p>Al\u00e9m disso, manter um recibo ETIAS impresso evita a maioria desses eventos. Portanto, a prepara\u00e7\u00e3o \u00e9 a melhor solu\u00e7\u00e3o. Veja <a href=\"https:\/\/europe-visa.eu\/pt\/blog\/etias-complete-travel-checklist-europe\/\">a lista de verifica\u00e7\u00e3o antes da viagem<\/a> para um pacote r\u00e1pido pronto para o aeroporto.<\/p>\n<h2>Dicas pr\u00e1ticas para uma viagem de transi\u00e7\u00e3o tranquila<\/h2>\n<p>Adicione o portal oficial europa.eu aos seus favoritos no dia do lan\u00e7amento. Al\u00e9m disso, assine os alertas de viagem de sua companhia a\u00e9rea para saber se houve mudan\u00e7as na pol\u00edtica. Al\u00e9m disso, renove os passaportes bem antes do t\u00e9rmino do per\u00edodo de car\u00eancia para evitar solicita\u00e7\u00f5es duplicadas. Consequentemente, sua conformidade permanecer\u00e1 est\u00e1vel durante o per\u00edodo de transi\u00e7\u00e3o.<\/p>\n<p>Al\u00e9m disso, compartilhe as dicas do ETIAS com os membros da fam\u00edlia menos experientes em tecnologia. Assim, toda a fam\u00edlia se beneficia. Veja <a href=\"https:\/\/europe-visa.eu\/pt\/blog\/etias-families-children-requirements-group-2026\/\">regras familiares<\/a> para submiss\u00f5es coordenadas e estrat\u00e9gias de suporte para parentes idosos.<\/p>\n<h2>Resposta do setor de viagens ao per\u00edodo de car\u00eancia<\/h2>\n<p>Operadoras de turismo, hot\u00e9is e companhias a\u00e9reas se preparam para a transi\u00e7\u00e3o do ETIAS com sistemas de reserva atualizados e treinamento de pessoal. Al\u00e9m disso, as ap\u00f3lices de seguro de viagem geralmente incluem cl\u00e1usulas espec\u00edficas sobre autoriza\u00e7\u00f5es digitais. Al\u00e9m disso, a equipe do aeroporto recebe treinamento sobre assist\u00eancia em quiosques e verifica\u00e7\u00e3o de documentos. Consequentemente, o setor coordena a conformidade meses antes da aplica\u00e7\u00e3o.<\/p>\n<figure class=\"wp-block-image size-large\"><img loading=\"lazy\" decoding=\"async\" width=\"500\" height=\"750\" src=\"https:\/\/europe-visa.eu\/wp-content\/uploads\/2026\/03\/pexels-photo-20732643.jpeg\" alt=\"Albania Tirana edif\u00edcios coloridos - Guia de viagem ETIAS imagem em destaque para Europe-Visa.eu\" class=\"aligncenter size-full wp-image-1069\" srcset=\"https:\/\/europe-visa.eu\/wp-content\/uploads\/2026\/03\/pexels-photo-20732643.jpeg 500w, https:\/\/europe-visa.eu\/wp-content\/uploads\/2026\/03\/pexels-photo-20732643-200x300.jpeg 200w, https:\/\/europe-visa.eu\/wp-content\/uploads\/2026\/03\/pexels-photo-20732643-8x12.jpeg 8w\" sizes=\"auto, (max-width: 500px) 100vw, 500px\" \/><\/figure>\n\n<p>Al\u00e9m disso, a m\u00eddia e os influenciadores de viagens desempenham um papel na conscientiza\u00e7\u00e3o do p\u00fablico. Portanto, seguir fontes respeit\u00e1veis de not\u00edcias sobre viagens o mant\u00e9m atualizado. Veja <a href=\"https:\/\/europe-visa.eu\/pt\/blog\/etias-launch-q4-2026-official-timeline-guide\/\">cronograma de lan\u00e7amento<\/a> para marcos de prontid\u00e3o do setor e an\u00fancios de pol\u00edticas espec\u00edficas da operadora \u00e0 medida que surgirem durante o per\u00edodo de car\u00eancia.<\/p>\n<h2>Resumo da linha do tempo do per\u00edodo de car\u00eancia<\/h2>\n<p>A tabela abaixo resume os marcos do per\u00edodo de car\u00eancia do ETIAS e o que voc\u00ea deve fazer em cada fase para se manter em conformidade.<\/p>\n<figure class=\"wp-block-table\"><table>\n<thead><tr><th>Fase<\/th><th>Datas<\/th><th>Entrada sem o ETIAS<\/th><th>Sua melhor jogada<\/th><\/tr><\/thead>\n<tbody>\n<tr><td>Pr\u00e9-lan\u00e7amento<\/td><td>At\u00e9 o quarto trimestre de 2026<\/td><td>N\u00e3o se aplica<\/td><td>Preparar documentos<\/td><\/tr>\n<tr><td>Do lan\u00e7amento ao m\u00eas 3<\/td><td>4\u00ba trimestre de 2026 - fevereiro de 2027<\/td><td>Poss\u00edvel<\/td><td>Candidatar-se imediatamente<\/td><\/tr>\n<tr><td>M\u00eas 4-6<\/td><td>Fevereiro de 2027 - Abril de 2027<\/td><td>Cada vez mais restrito<\/td><td>Inscreva-se agora se ainda n\u00e3o o fez<\/td><\/tr>\n<tr><td>Aplica\u00e7\u00e3o completa<\/td><td>Abril de 2027 em diante<\/td><td>Embarque negado<\/td><td>Deve ter o ETIAS<\/td><\/tr>\n<tr><td>Primeiras renova\u00e7\u00f5es<\/td><td>2029 em diante<\/td><td>N\u00e3o se aplica<\/td><td>Reaplica\u00e7\u00e3o antecipada<\/td><\/tr>\n<\/tbody><\/table><\/figure>\n<h2>Perguntas frequentes<\/h2>\n<h3>Qual \u00e9 a dura\u00e7\u00e3o do per\u00edodo de car\u00eancia do ETIAS?<\/h3>\n<p>O per\u00edodo de car\u00eancia dura pelo menos seis meses a partir do lan\u00e7amento no quarto trimestre de 2026, terminando por volta de abril de 2027. Al\u00e9m disso, a dura\u00e7\u00e3o exata \u00e9 definida pela Comiss\u00e3o Europeia e publicada no site europa.eu. Portanto, confirme a data final exata pouco antes de sua viagem durante esse per\u00edodo de transi\u00e7\u00e3o.<\/p>\n<h3>Posso voar definitivamente para a Europa sem o ETIAS durante o per\u00edodo de car\u00eancia?<\/h3>\n<p>N\u00e3o \u00e9 garantido. As companhias a\u00e9reas mant\u00eam o direito de recusar o embarque e algumas companhias a\u00e9reas de baixo custo aplicam verifica\u00e7\u00f5es rigorosas do ETIAS desde o primeiro dia. Al\u00e9m disso, os oficiais de fronteira podem interrogar viajantes n\u00e3o autorizados mais detalhadamente. Portanto, solicitar com anteced\u00eancia \u00e9 a \u00fanica op\u00e7\u00e3o realmente segura.<\/p>\n<h3>As companhias a\u00e9reas sempre aceitar\u00e3o viajantes com per\u00edodo de car\u00eancia?<\/h3>\n<p>As principais companhias a\u00e9reas da rede tendem a seguir a pol\u00edtica da UE e a aceitar viajantes isentos de visto que atendam a outras condi\u00e7\u00f5es. No entanto, companhias a\u00e9reas rigorosas como a Ryanair e a Wizz Air geralmente rejeitam passageiros n\u00e3o autorizados. Portanto, verifique a pol\u00edtica de sua companhia a\u00e9rea espec\u00edfica antes de confiar na flexibilidade do per\u00edodo de car\u00eancia.<\/p>\n<figure class=\"wp-block-image size-large\"><img loading=\"lazy\" decoding=\"async\" width=\"1200\" height=\"630\" src=\"https:\/\/europe-visa.eu\/wp-content\/uploads\/2026\/03\/etias-timeline.jpg\" alt=\"Cronograma do ETIAS Lan\u00e7amento 2026 2027\" class=\"aligncenter size-full wp-image-1142\" srcset=\"https:\/\/europe-visa.eu\/wp-content\/uploads\/2026\/03\/etias-timeline.jpg 1200w, https:\/\/europe-visa.eu\/wp-content\/uploads\/2026\/03\/etias-timeline-300x158.jpg 300w, https:\/\/europe-visa.eu\/wp-content\/uploads\/2026\/03\/etias-timeline-1024x538.jpg 1024w, https:\/\/europe-visa.eu\/wp-content\/uploads\/2026\/03\/etias-timeline-768x403.jpg 768w, https:\/\/europe-visa.eu\/wp-content\/uploads\/2026\/03\/etias-timeline-18x9.jpg 18w\" sizes=\"auto, (max-width: 1200px) 100vw, 1200px\" \/><\/figure>\n\n<h3>O que acontecer\u00e1 exatamente em abril de 2027 se eu ainda n\u00e3o tiver o ETIAS?<\/h3>\n<p>A partir da data de aplica\u00e7\u00e3o, todas as companhias a\u00e9reas dever\u00e3o recusar o embarque de passageiros sem um ETIAS v\u00e1lido. Al\u00e9m disso, os oficiais de fronteira terrestre e mar\u00edtima negar\u00e3o a entrada. Portanto, n\u00e3o est\u00e3o planejadas extens\u00f5es do per\u00edodo de car\u00eancia para al\u00e9m de abril de 2027, e a aplica\u00e7\u00e3o \u00e9 em todo o sistema em todos os estados membros.<\/p>\n<h3>O per\u00edodo de car\u00eancia \u00e9 o mesmo em todas as fronteiras Schengen?<\/h3>\n<p>Sim, o per\u00edodo de car\u00eancia se aplica a todas as fronteiras a\u00e9reas, terrestres e mar\u00edtimas dos 30 estados Schengen. Al\u00e9m disso, pa\u00edses individuais n\u00e3o podem optar por sair ou estender o cronograma unilateralmente. Consequentemente, a consist\u00eancia beneficia os viajantes que se deslocam entre v\u00e1rios pa\u00edses Schengen durante a janela de transi\u00e7\u00e3o.<\/p>\n<h3>Posso me candidatar ao ETIAS j\u00e1 estando na Europa?<\/h3>\n<p>Sim, as solicita\u00e7\u00f5es do ETIAS podem ser enviadas de qualquer lugar com acesso \u00e0 Internet, inclusive durante sua viagem. Al\u00e9m disso, a autoriza\u00e7\u00e3o \u00e9 ativada ap\u00f3s a aprova\u00e7\u00e3o e \u00e9 v\u00e1lida para entradas futuras. Veja <a href=\"https:\/\/europe-visa.eu\/pt\/blog\/etias-application-guide-step-by-step-2026\/\">O guia de aplica\u00e7\u00e3o<\/a> para obter o processo mais r\u00e1pido.<\/p>\n<h3>O per\u00edodo de car\u00eancia se aplica igualmente a viajantes brit\u00e2nicos e americanos?<\/h3>\n<p>Sim, o per\u00edodo de car\u00eancia se aplica uniformemente a todas as nacionalidades isentas de visto, incluindo cidad\u00e3os brit\u00e2nicos, americanos, canadenses, australianos e japoneses. Al\u00e9m disso, a nacionalidade n\u00e3o afeta o cronograma de transi\u00e7\u00e3o. Consequentemente, todos os viajantes qualificados para o ETIAS se beneficiam igualmente da janela de seis meses.<\/p>\n<h2>Considera\u00e7\u00f5es finais<\/h2>\n<p>O per\u00edodo de car\u00eancia do ETIAS oferece uma pista compassiva para os viajantes que est\u00e3o se adaptando ao novo sistema, mas trat\u00e1-lo como opcional \u00e9 arriscado. Al\u00e9m disso, o rigor das companhias a\u00e9reas e a discri\u00e7\u00e3o dos agentes de fronteira significam que a aplica\u00e7\u00e3o antecipada continua sendo o caminho mais seguro. Al\u00e9m disso, a aplica\u00e7\u00e3o total a partir de abril de 2027 afeta todas as fronteiras a\u00e9reas, terrestres e mar\u00edtimas de maneira uniforme. Consequentemente, aplique durante as primeiras semanas do lan\u00e7amento do quarto trimestre de 2026 e volte a visitar <a href=\"https:\/\/europe-visa.eu\/pt\/blog\/etias-launch-q4-2026-official-timeline-guide\/\">o cronograma de lan\u00e7amento<\/a> para confirmar cada marco. Portanto, trate o per\u00edodo de car\u00eancia como um tempo de b\u00f4nus para se preparar, n\u00e3o para pular, e mantenha as viagens \u00e0 Europa sem esfor\u00e7o at\u00e9 2027 e al\u00e9m.<\/p>\n<!-- IMG-CAP-2026 -->\n\n<style data-img-cap=\"2026-05-26\">\n.entry-content figure.wp-block-image img,.entry-content .wp-block-image img,.entry-content img,.post-content img,.td-post-content img,article figure img,article .wp-block-image img{max-width:100%!important;max-height:500px!important;height:auto!important;width:auto!important;object-fit:contain!important;display:block!important;margin:1.5rem auto!important}\n@media (max-width:768px){.entry-content figure.wp-block-image img,.entry-content .wp-block-image img,.entry-content img,.post-content img,.td-post-content img,article figure img,article .wp-block-image img{max-height:320px!important}}\n<\/style>","protected":false},"excerpt":{"rendered":"<p>The ETIAS grace period runs from the Q4 2026 launch through roughly April 2027, giving millions of travelers time to [&hellip;]<\/p>\n","protected":false},"author":2,"featured_media":1145,"comment_status":"closed","ping_status":"","sticky":false,"template":"","format":"standard","meta":{"_yoast_wpseo_focuskw":"ETIAS grace period","_yoast_wpseo_title":"ETIAS Grace Period: Travel Rules Through April 2027","_yoast_wpseo_metadesc":"The ETIAS grace period runs from launch in Q4 2026 until around April 2027. Learn entry conditions, airline policies, and why applying early is still smart.","site-sidebar-layout":"default","site-content-layout":"","ast-site-content-layout":"default","site-content-style":"default","site-sidebar-style":"default","ast-global-header-display":"","ast-banner-title-visibility":"","ast-main-header-display":"","ast-hfb-above-header-display":"","ast-hfb-below-header-display":"","ast-hfb-mobile-header-display":"","site-post-title":"","ast-breadcrumbs-content":"","ast-featured-img":"","footer-sml-layout":"","ast-disable-related-posts":"","theme-transparent-header-meta":"","adv-header-id-meta":"","stick-header-meta":"","header-above-stick-meta":"","header-main-stick-meta":"","header-below-stick-meta":"","astra-migrate-meta-layouts":"default","ast-page-background-enabled":"default","ast-page-background-meta":{"desktop":{"background-color":"var(--ast-global-color-5)","background-image":"","background-repeat":"repeat","background-position":"center center","background-size":"auto","background-attachment":"scroll","background-type":"","background-media":"","overlay-type":"","overlay-color":"","overlay-opacity":"","overlay-gradient":""},"tablet":{"background-color":"","background-image":"","background-repeat":"repeat","background-position":"center center","background-size":"auto","background-attachment":"scroll","background-type":"","background-media":"","overlay-type":"","overlay-color":"","overlay-opacity":"","overlay-gradient":""},"mobile":{"background-color":"","background-image":"","background-repeat":"repeat","background-position":"center center","background-size":"auto","background-attachment":"scroll","background-type":"","background-media":"","overlay-type":"","overlay-color":"","overlay-opacity":"","overlay-gradient":""}},"ast-content-background-meta":{"desktop":{"background-color":"var(--ast-global-color-4)","background-image":"","background-repeat":"repeat","background-position":"center center","background-size":"auto","background-attachment":"scroll","background-type":"","background-media":"","overlay-type":"","overlay-color":"","overlay-opacity":"","overlay-gradient":""},"tablet":{"background-color":"var(--ast-global-color-4)","background-image":"","background-repeat":"repeat","background-position":"center center","background-size":"auto","background-attachment":"scroll","background-type":"","background-media":"","overlay-type":"","overlay-color":"","overlay-opacity":"","overlay-gradient":""},"mobile":{"background-color":"var(--ast-global-color-4)","background-image":"","background-repeat":"repeat","background-position":"center center","background-size":"auto","background-attachment":"scroll","background-type":"","background-media":"","overlay-type":"","overlay-color":"","overlay-opacity":"","overlay-gradient":""}},"footnotes":""},"categories":[13],"tags":[],"class_list":["post-1238","post","type-post","status-publish","format-standard","has-post-thumbnail","hentry","category-blog"],"yoast_head":"<!-- This site is optimized with the Yoast SEO plugin v27.0 - https:\/\/yoast.com\/product\/yoast-seo-wordpress\/ -->\n<title>ETIAS Grace Period: Travel Rules Through April 2027<\/title>\n<meta name=\"description\" content=\"The ETIAS grace period runs from launch in Q4 2026 until around April 2027. Learn entry conditions, airline policies, and why applying early is still smart.\" \/>\n<meta name=\"robots\" content=\"index, follow, max-snippet:-1, max-image-preview:large, max-video-preview:-1\" \/>\n<link rel=\"canonical\" href=\"https:\/\/europe-visa.eu\/pt\/blog\/etias-grace-period-travel-without-until-april-2027\/\" \/>\n<meta property=\"og:locale\" content=\"pt_BR\" \/>\n<meta property=\"og:type\" content=\"article\" \/>\n<meta property=\"og:title\" content=\"ETIAS Grace Period: Travel Rules Through April 2027\" \/>\n<meta property=\"og:description\" content=\"The ETIAS grace period runs from launch in Q4 2026 until around April 2027. Learn entry conditions, airline policies, and why applying early is still smart.\" \/>\n<meta property=\"og:url\" content=\"https:\/\/europe-visa.eu\/pt\/blog\/etias-grace-period-travel-without-until-april-2027\/\" \/>\n<meta property=\"og:site_name\" content=\"ETIAS - Travel to Europe\" \/>\n<meta property=\"article:published_time\" content=\"2026-04-16T18:00:00+00:00\" \/>\n<meta property=\"article:modified_time\" content=\"2026-06-01T18:59:14+00:00\" \/>\n<meta property=\"og:image\" content=\"https:\/\/europe-visa.eu\/wp-content\/uploads\/2026\/03\/etias-transitional.jpg\" \/>\n\t<meta property=\"og:image:width\" content=\"1200\" \/>\n\t<meta property=\"og:image:height\" content=\"630\" \/>\n\t<meta property=\"og:image:type\" content=\"image\/jpeg\" \/>\n<meta name=\"author\" content=\"Lukas Lukas\" \/>\n<meta name=\"twitter:card\" content=\"summary_large_image\" \/>\n<meta name=\"twitter:label1\" content=\"Escrito por\" \/>\n\t<meta name=\"twitter:data1\" content=\"Lukas Lukas\" \/>\n\t<meta name=\"twitter:label2\" content=\"Est. tempo de leitura\" \/>\n\t<meta name=\"twitter:data2\" content=\"7 minutos\" \/>\n<script type=\"application\/ld+json\" class=\"yoast-schema-graph\">{\"@context\":\"https:\/\/schema.org\",\"@graph\":[{\"@type\":\"Article\",\"@id\":\"https:\/\/europe-visa.eu\/blog\/etias-grace-period-travel-without-until-april-2027\/#article\",\"isPartOf\":{\"@id\":\"https:\/\/europe-visa.eu\/blog\/etias-grace-period-travel-without-until-april-2027\/\"},\"author\":{\"name\":\"Lukas Lukas\",\"@id\":\"https:\/\/europe-visa.eu\/#\/schema\/person\/d0eb5d90529a6716b0467b7f7be1020b\"},\"headline\":\"ETIAS Grace Period: Travel Without ETIAS Until April 2027\",\"datePublished\":\"2026-04-16T18:00:00+00:00\",\"dateModified\":\"2026-06-01T18:59:14+00:00\",\"mainEntityOfPage\":{\"@id\":\"https:\/\/europe-visa.eu\/blog\/etias-grace-period-travel-without-until-april-2027\/\"},\"wordCount\":1495,\"publisher\":{\"@id\":\"https:\/\/europe-visa.eu\/#organization\"},\"image\":{\"@id\":\"https:\/\/europe-visa.eu\/blog\/etias-grace-period-travel-without-until-april-2027\/#primaryimage\"},\"thumbnailUrl\":\"https:\/\/europe-visa.eu\/wp-content\/uploads\/2026\/03\/etias-transitional.jpg\",\"articleSection\":[\"Blog\"],\"inLanguage\":\"pt-BR\"},{\"@type\":\"WebPage\",\"@id\":\"https:\/\/europe-visa.eu\/blog\/etias-grace-period-travel-without-until-april-2027\/\",\"url\":\"https:\/\/europe-visa.eu\/blog\/etias-grace-period-travel-without-until-april-2027\/\",\"name\":\"ETIAS Grace Period: Travel Rules Through April 2027\",\"isPartOf\":{\"@id\":\"https:\/\/europe-visa.eu\/#website\"},\"primaryImageOfPage\":{\"@id\":\"https:\/\/europe-visa.eu\/blog\/etias-grace-period-travel-without-until-april-2027\/#primaryimage\"},\"image\":{\"@id\":\"https:\/\/europe-visa.eu\/blog\/etias-grace-period-travel-without-until-april-2027\/#primaryimage\"},\"thumbnailUrl\":\"https:\/\/europe-visa.eu\/wp-content\/uploads\/2026\/03\/etias-transitional.jpg\",\"datePublished\":\"2026-04-16T18:00:00+00:00\",\"dateModified\":\"2026-06-01T18:59:14+00:00\",\"description\":\"The ETIAS grace period runs from launch in Q4 2026 until around April 2027. Learn entry conditions, airline policies, and why applying early is still smart.\",\"breadcrumb\":{\"@id\":\"https:\/\/europe-visa.eu\/blog\/etias-grace-period-travel-without-until-april-2027\/#breadcrumb\"},\"inLanguage\":\"pt-BR\",\"potentialAction\":[{\"@type\":\"ReadAction\",\"target\":[\"https:\/\/europe-visa.eu\/blog\/etias-grace-period-travel-without-until-april-2027\/\"]}]},{\"@type\":\"ImageObject\",\"inLanguage\":\"pt-BR\",\"@id\":\"https:\/\/europe-visa.eu\/blog\/etias-grace-period-travel-without-until-april-2027\/#primaryimage\",\"url\":\"https:\/\/europe-visa.eu\/wp-content\/uploads\/2026\/03\/etias-transitional.jpg\",\"contentUrl\":\"https:\/\/europe-visa.eu\/wp-content\/uploads\/2026\/03\/etias-transitional.jpg\",\"width\":1200,\"height\":630,\"caption\":\"ETIAS Transitional Period Implementation 2026-2027\"},{\"@type\":\"BreadcrumbList\",\"@id\":\"https:\/\/europe-visa.eu\/blog\/etias-grace-period-travel-without-until-april-2027\/#breadcrumb\",\"itemListElement\":[{\"@type\":\"ListItem\",\"position\":1,\"name\":\"Home\",\"item\":\"https:\/\/europe-visa.eu\/\"},{\"@type\":\"ListItem\",\"position\":2,\"name\":\"ETIAS Grace Period: Travel Without ETIAS Until April 2027\"}]},{\"@type\":\"WebSite\",\"@id\":\"https:\/\/europe-visa.eu\/#website\",\"url\":\"https:\/\/europe-visa.eu\/\",\"name\":\"ETIAS - Travel to Europe\",\"description\":\"\",\"publisher\":{\"@id\":\"https:\/\/europe-visa.eu\/#organization\"},\"potentialAction\":[{\"@type\":\"SearchAction\",\"target\":{\"@type\":\"EntryPoint\",\"urlTemplate\":\"https:\/\/europe-visa.eu\/?s={search_term_string}\"},\"query-input\":{\"@type\":\"PropertyValueSpecification\",\"valueRequired\":true,\"valueName\":\"search_term_string\"}}],\"inLanguage\":\"pt-BR\"},{\"@type\":\"Organization\",\"@id\":\"https:\/\/europe-visa.eu\/#organization\",\"name\":\"Europe-Visa.eu\",\"url\":\"https:\/\/europe-visa.eu\/\",\"logo\":{\"@type\":\"ImageObject\",\"inLanguage\":\"pt-BR\",\"@id\":\"https:\/\/europe-visa.eu\/#\/schema\/logo\/image\/\",\"url\":\"https:\/\/europe-visa.eu\/wp-content\/uploads\/2026\/02\/etias-favicon.png\",\"contentUrl\":\"https:\/\/europe-visa.eu\/wp-content\/uploads\/2026\/02\/etias-favicon.png\",\"width\":512,\"height\":512,\"caption\":\"Europe-Visa.eu\"},\"image\":{\"@id\":\"https:\/\/europe-visa.eu\/#\/schema\/logo\/image\/\"}},{\"@type\":\"Person\",\"@id\":\"https:\/\/europe-visa.eu\/#\/schema\/person\/d0eb5d90529a6716b0467b7f7be1020b\",\"name\":\"Lukas Lukas\",\"image\":{\"@type\":\"ImageObject\",\"inLanguage\":\"pt-BR\",\"@id\":\"https:\/\/europe-visa.eu\/#\/schema\/person\/image\/\",\"url\":\"https:\/\/secure.gravatar.com\/avatar\/95ba2aa5515cb28d55e5aafefd1ae0b601c1c904c08f88c4d334d6b9a2d2d0e2?s=96&d=mm&r=g\",\"contentUrl\":\"https:\/\/secure.gravatar.com\/avatar\/95ba2aa5515cb28d55e5aafefd1ae0b601c1c904c08f88c4d334d6b9a2d2d0e2?s=96&d=mm&r=g\",\"caption\":\"Lukas Lukas\"},\"url\":\"https:\/\/europe-visa.eu\/pt\/blog\/author\/lukas\/\"}]}<\/script>\n<!-- \/ Yoast SEO plugin. -->","yoast_head_json":{"title":"Per\u00edodo de car\u00eancia do ETIAS: Regras de viagem at\u00e9 abril de 2027","description":"O per\u00edodo de car\u00eancia do ETIAS vai do lan\u00e7amento no quarto trimestre de 2026 at\u00e9 cerca de abril de 2027. Saiba quais s\u00e3o as condi\u00e7\u00f5es de entrada, as pol\u00edticas das companhias a\u00e9reas e por que a solicita\u00e7\u00e3o antecipada ainda \u00e9 inteligente.","robots":{"index":"index","follow":"follow","max-snippet":"max-snippet:-1","max-image-preview":"max-image-preview:large","max-video-preview":"max-video-preview:-1"},"canonical":"https:\/\/europe-visa.eu\/pt\/blog\/etias-grace-period-travel-without-until-april-2027\/","og_locale":"pt_BR","og_type":"article","og_title":"ETIAS Grace Period: Travel Rules Through April 2027","og_description":"The ETIAS grace period runs from launch in Q4 2026 until around April 2027. Learn entry conditions, airline policies, and why applying early is still smart.","og_url":"https:\/\/europe-visa.eu\/pt\/blog\/etias-grace-period-travel-without-until-april-2027\/","og_site_name":"ETIAS - Travel to Europe","article_published_time":"2026-04-16T18:00:00+00:00","article_modified_time":"2026-06-01T18:59:14+00:00","og_image":[{"width":1200,"height":630,"url":"https:\/\/europe-visa.eu\/wp-content\/uploads\/2026\/03\/etias-transitional.jpg","type":"image\/jpeg"}],"author":"Lukas Lukas","twitter_card":"summary_large_image","twitter_misc":{"Escrito por":"Lukas Lukas","Est. tempo de leitura":"7 minutos"},"schema":{"@context":"https:\/\/schema.org","@graph":[{"@type":"Article","@id":"https:\/\/europe-visa.eu\/blog\/etias-grace-period-travel-without-until-april-2027\/#article","isPartOf":{"@id":"https:\/\/europe-visa.eu\/blog\/etias-grace-period-travel-without-until-april-2027\/"},"author":{"name":"Lukas Lukas","@id":"https:\/\/europe-visa.eu\/#\/schema\/person\/d0eb5d90529a6716b0467b7f7be1020b"},"headline":"ETIAS Grace Period: Travel Without ETIAS Until April 2027","datePublished":"2026-04-16T18:00:00+00:00","dateModified":"2026-06-01T18:59:14+00:00","mainEntityOfPage":{"@id":"https:\/\/europe-visa.eu\/blog\/etias-grace-period-travel-without-until-april-2027\/"},"wordCount":1495,"publisher":{"@id":"https:\/\/europe-visa.eu\/#organization"},"image":{"@id":"https:\/\/europe-visa.eu\/blog\/etias-grace-period-travel-without-until-april-2027\/#primaryimage"},"thumbnailUrl":"https:\/\/europe-visa.eu\/wp-content\/uploads\/2026\/03\/etias-transitional.jpg","articleSection":["Blog"],"inLanguage":"pt-BR"},{"@type":"WebPage","@id":"https:\/\/europe-visa.eu\/blog\/etias-grace-period-travel-without-until-april-2027\/","url":"https:\/\/europe-visa.eu\/blog\/etias-grace-period-travel-without-until-april-2027\/","name":"Per\u00edodo de car\u00eancia do ETIAS: Regras de viagem at\u00e9 abril de 2027","isPartOf":{"@id":"https:\/\/europe-visa.eu\/#website"},"primaryImageOfPage":{"@id":"https:\/\/europe-visa.eu\/blog\/etias-grace-period-travel-without-until-april-2027\/#primaryimage"},"image":{"@id":"https:\/\/europe-visa.eu\/blog\/etias-grace-period-travel-without-until-april-2027\/#primaryimage"},"thumbnailUrl":"https:\/\/europe-visa.eu\/wp-content\/uploads\/2026\/03\/etias-transitional.jpg","datePublished":"2026-04-16T18:00:00+00:00","dateModified":"2026-06-01T18:59:14+00:00","description":"O per\u00edodo de car\u00eancia do ETIAS vai do lan\u00e7amento no quarto trimestre de 2026 at\u00e9 cerca de abril de 2027. Saiba quais s\u00e3o as condi\u00e7\u00f5es de entrada, as pol\u00edticas das companhias a\u00e9reas e por que a solicita\u00e7\u00e3o antecipada ainda \u00e9 inteligente.","breadcrumb":{"@id":"https:\/\/europe-visa.eu\/blog\/etias-grace-period-travel-without-until-april-2027\/#breadcrumb"},"inLanguage":"pt-BR","potentialAction":[{"@type":"ReadAction","target":["https:\/\/europe-visa.eu\/blog\/etias-grace-period-travel-without-until-april-2027\/"]}]},{"@type":"ImageObject","inLanguage":"pt-BR","@id":"https:\/\/europe-visa.eu\/blog\/etias-grace-period-travel-without-until-april-2027\/#primaryimage","url":"https:\/\/europe-visa.eu\/wp-content\/uploads\/2026\/03\/etias-transitional.jpg","contentUrl":"https:\/\/europe-visa.eu\/wp-content\/uploads\/2026\/03\/etias-transitional.jpg","width":1200,"height":630,"caption":"ETIAS Transitional Period Implementation 2026-2027"},{"@type":"BreadcrumbList","@id":"https:\/\/europe-visa.eu\/blog\/etias-grace-period-travel-without-until-april-2027\/#breadcrumb","itemListElement":[{"@type":"ListItem","position":1,"name":"Home","item":"https:\/\/europe-visa.eu\/"},{"@type":"ListItem","position":2,"name":"ETIAS Grace Period: Travel Without ETIAS Until April 2027"}]},{"@type":"WebSite","@id":"https:\/\/europe-visa.eu\/#website","url":"https:\/\/europe-visa.eu\/","name":"ETIAS - Viagem para a Europa","description":"","publisher":{"@id":"https:\/\/europe-visa.eu\/#organization"},"potentialAction":[{"@type":"SearchAction","target":{"@type":"EntryPoint","urlTemplate":"https:\/\/europe-visa.eu\/?s={search_term_string}"},"query-input":{"@type":"PropertyValueSpecification","valueRequired":true,"valueName":"search_term_string"}}],"inLanguage":"pt-BR"},{"@type":"Organization","@id":"https:\/\/europe-visa.eu\/#organization","name":"Europa-Visa.eu","url":"https:\/\/europe-visa.eu\/","logo":{"@type":"ImageObject","inLanguage":"pt-BR","@id":"https:\/\/europe-visa.eu\/#\/schema\/logo\/image\/","url":"https:\/\/europe-visa.eu\/wp-content\/uploads\/2026\/02\/etias-favicon.png","contentUrl":"https:\/\/europe-visa.eu\/wp-content\/uploads\/2026\/02\/etias-favicon.png","width":512,"height":512,"caption":"Europe-Visa.eu"},"image":{"@id":"https:\/\/europe-visa.eu\/#\/schema\/logo\/image\/"}},{"@type":"Person","@id":"https:\/\/europe-visa.eu\/#\/schema\/person\/d0eb5d90529a6716b0467b7f7be1020b","name":"Lukas Lukas","image":{"@type":"ImageObject","inLanguage":"pt-BR","@id":"https:\/\/europe-visa.eu\/#\/schema\/person\/image\/","url":"https:\/\/secure.gravatar.com\/avatar\/95ba2aa5515cb28d55e5aafefd1ae0b601c1c904c08f88c4d334d6b9a2d2d0e2?s=96&d=mm&r=g","contentUrl":"https:\/\/secure.gravatar.com\/avatar\/95ba2aa5515cb28d55e5aafefd1ae0b601c1c904c08f88c4d334d6b9a2d2d0e2?s=96&d=mm&r=g","caption":"Lukas Lukas"},"url":"https:\/\/europe-visa.eu\/pt\/blog\/author\/lukas\/"}]}},"_links":{"self":[{"href":"https:\/\/europe-visa.eu\/pt\/wp-json\/wp\/v2\/posts\/1238","targetHints":{"allow":["GET"]}}],"collection":[{"href":"https:\/\/europe-visa.eu\/pt\/wp-json\/wp\/v2\/posts"}],"about":[{"href":"https:\/\/europe-visa.eu\/pt\/wp-json\/wp\/v2\/types\/post"}],"author":[{"embeddable":true,"href":"https:\/\/europe-visa.eu\/pt\/wp-json\/wp\/v2\/users\/2"}],"replies":[{"embeddable":true,"href":"https:\/\/europe-visa.eu\/pt\/wp-json\/wp\/v2\/comments?post=1238"}],"version-history":[{"count":3,"href":"https:\/\/europe-visa.eu\/pt\/wp-json\/wp\/v2\/posts\/1238\/revisions"}],"predecessor-version":[{"id":2006,"href":"https:\/\/europe-visa.eu\/pt\/wp-json\/wp\/v2\/posts\/1238\/revisions\/2006"}],"wp:featuredmedia":[{"embeddable":true,"href":"https:\/\/europe-visa.eu\/pt\/wp-json\/wp\/v2\/media\/1145"}],"wp:attachment":[{"href":"https:\/\/europe-visa.eu\/pt\/wp-json\/wp\/v2\/media?parent=1238"}],"wp:term":[{"taxonomy":"category","embeddable":true,"href":"https:\/\/europe-visa.eu\/pt\/wp-json\/wp\/v2\/categories?post=1238"},{"taxonomy":"post_tag","embeddable":true,"href":"https:\/\/europe-visa.eu\/pt\/wp-json\/wp\/v2\/tags?post=1238"}],"curies":[{"name":"wp","href":"https:\/\/api.w.org\/{rel}","templated":true}]}}