{"id":1238,"date":"2026-04-16T18:00:00","date_gmt":"2026-04-16T18:00:00","guid":{"rendered":"https:\/\/europe-visa.eu\/?p=1238"},"modified":"2026-06-01T18:59:14","modified_gmt":"2026-06-01T18:59:14","slug":"etias-grace-period-travel-without-until-april-2027","status":"publish","type":"post","link":"https:\/\/europe-visa.eu\/ro\/blog\/etias-grace-period-travel-without-until-april-2027\/","title":{"rendered":"Perioada de gra\u021bie ETIAS: C\u0103l\u0103tori\u021bi f\u0103r\u0103 ETIAS p\u00e2n\u0103 \u00een aprilie 2027"},"content":{"rendered":"<p>The <strong>Perioada de gra\u021bie ETIAS<\/strong> dureaz\u0103 de la lansarea din T4 2026 p\u00e2n\u0103 aproximativ \u00een aprilie 2027, oferind milioane de c\u0103l\u0103tori timp pentru a se adapta la noul sistem european de autorizare. \u00cen plus, \u00een timpul perioadei de gra\u021bie, c\u0103l\u0103torii care nu de\u021bin un ETIAS pot intra \u00een continuare \u00een spa\u021biul Schengen, cu condi\u021bia s\u0103 \u00eendeplineasc\u0103 toate celelalte condi\u021bii de intrare. \u00cen plus, acest ghid explic\u0103 ce se schimb\u0103 dup\u0103 aprilie 2027, care sunt politicile companiilor aeriene care r\u0103m\u00e2n flexibile \u0219i de ce aplicarea din timp este \u00een continuare o mi\u0219care inteligent\u0103. \u00cen plus, trat\u0103m discre\u021bia ofi\u021berilor de frontier\u0103, excep\u021biile transportatorilor \u0219i termenul final de punere \u00een aplicare. Prin urmare, ve\u021bi parcurge tranzi\u021bia f\u0103r\u0103 probleme, f\u0103r\u0103 a risca s\u0103 vi se refuze \u00eembarcarea sau s\u0103 v\u0103 bloca\u021bi itinerariile. \u00cen plus, perioada de gra\u021bie este inten\u021bionat generoas\u0103 pentru a preveni \u0219ocurile din industria de turism. Prin urmare, utiliza\u021bi aceast\u0103 perioad\u0103 cu \u00een\u021belepciune pentru a v\u0103 pune autoriza\u021bia \u00een ordine, \u00een loc s\u0103 testa\u021bi c\u00e2t de \u00eeng\u0103duitori vor fi transportatorii \u0219i poli\u021bi\u0219tii de frontier\u0103 \u00een timpul acestor luni de tranzi\u021bie.<\/p>\n<h2>Ce este perioada de gra\u021bie ETIAS?<\/h2>\n<p>Comisia European\u0103 a conceput o faz\u0103 de tranzi\u021bie de cel pu\u021bin \u0219ase luni dup\u0103 intrarea \u00een vigoare a ETIAS. \u00cen plus, \u00een aceast\u0103 faz\u0103, c\u0103l\u0103torii care uit\u0103 sau \u00eent\u00e2rzie s\u0103 depun\u0103 o cerere pot intra \u00een continuare \u00een spa\u021biul Schengen dac\u0103 celelalte documente \u0219i condi\u021bii sunt \u00een regul\u0103. \u00cen plus, obiectivul este de a preveni perturb\u0103rile masive \u00een aeroporturi \u00een timpul implement\u0103rii sistemului.<\/p>\n<p>\u00cen plus, perioada de gra\u021bie se \u00eencheie aproximativ \u00een aprilie 2027. Prin urmare, dup\u0103 aceast\u0103 dat\u0103, ETIAS devine strict obligatoriu. A se vedea <a href=\"https:\/\/europe-visa.eu\/ro\/blog\/etias-launch-q4-2026-official-timeline-guide\/\">calendarul lans\u0103rii<\/a> pentru datele exacte ale etapelor \u0219i confirmarea din partea Frontex.<\/p>\n<h2>Cine beneficiaz\u0103 de perioada de gra\u021bie?<\/h2>\n<p>C\u0103l\u0103torii care rezerv\u0103 bilete \u00eenainte de anun\u021barea lans\u0103rii, persoanele \u00een v\u00e2rst\u0103 mai pu\u021bin con\u0219tiente de actualiz\u0103rile digitale \u0219i persoanele care c\u0103l\u0103toresc \u00een ultimul moment cu avionul de afaceri beneficiaz\u0103 cu to\u021bii de flexibilitatea tranzi\u021biei. \u00cen plus, bunicii care \u00ee\u0219i viziteaz\u0103 nepo\u021bii \u00een Europa adesea nu au timp s\u0103 navigheze \u00een sisteme online complexe. \u00cen plus, perioada de gra\u021bie previne perturb\u0103rile familiale \u00een timpul lans\u0103rii.<\/p>\n<p>\u00cen plus, companiile aeriene beneficiaz\u0103 de mai pu\u021bine dispute la check-in. Prin urmare, fereastra de \u0219ase luni este avantajoas\u0103 pentru autorit\u0103\u021bi \u0219i pentru industria turismului. \u00cen consecin\u021b\u0103, UE men\u021bine fluxul turistic, consolid\u00e2nd \u00een acela\u0219i timp conformitatea cu ETIAS \u00een timp.<\/p>\n<figure class=\"wp-block-image size-large\"><img loading=\"lazy\" decoding=\"async\" width=\"1200\" height=\"630\" src=\"https:\/\/europe-visa.eu\/wp-content\/uploads\/2026\/03\/etias-transitional.jpg\" alt=\"Implementarea perioadei de tranzi\u021bie a ETIAS 2026-2027\" class=\"aligncenter size-full wp-image-1145\" srcset=\"https:\/\/europe-visa.eu\/wp-content\/uploads\/2026\/03\/etias-transitional.jpg 1200w, https:\/\/europe-visa.eu\/wp-content\/uploads\/2026\/03\/etias-transitional-300x158.jpg 300w, https:\/\/europe-visa.eu\/wp-content\/uploads\/2026\/03\/etias-transitional-1024x538.jpg 1024w, https:\/\/europe-visa.eu\/wp-content\/uploads\/2026\/03\/etias-transitional-768x403.jpg 768w, https:\/\/europe-visa.eu\/wp-content\/uploads\/2026\/03\/etias-transitional-18x9.jpg 18w\" sizes=\"auto, (max-width: 1200px) 100vw, 1200px\" \/><\/figure>\n\n<h2>De ce ar trebui s\u0103 aplica\u021bi \u00een continuare \u00een timpul perioadei de gra\u021bie<\/h2>\n<p>Companiile aeriene \u00ee\u0219i p\u0103streaz\u0103 dreptul de a refuza \u00eembarcarea chiar \u0219i \u00een timpul perioadei de gra\u021bie. \u00cen plus, anumi\u021bi transportatori, precum Ryanair \u0219i Lufthansa, au semnalat respectarea strict\u0103 a legii \u00eenc\u0103 din prima zi. \u00cen plus, a\u0219teptarea p\u00e2n\u0103 \u00een ultima clip\u0103 \u00een timpul tranzi\u021biei risc\u0103 s\u0103 provoace \u00eent\u00e2rzieri ale zborurilor dac\u0103 poli\u021bi\u0219tii de frontier\u0103 \u00eent\u00e2rzie s\u0103 proceseze c\u0103l\u0103torii neautoriza\u021bi.<\/p>\n<p>\u00cen plus, depunerea cererilor \u00een primele s\u0103pt\u0103m\u00e2ni de la lansare evit\u0103 aglomerarea cozilor de a\u0219teptare \u00een apropierea termenului de aplicare. Prin urmare, <a href=\"https:\/\/europe-visa.eu\/ro\/blog\/etias-application-guide-step-by-step-2026\/\">aplica\u021bi c\u00e2t mai cur\u00e2nd posibil<\/a>. Ca rezultat, nu ve\u021bi mai avea parte de graba din aprilie 2027 \u0219i v\u0103 ve\u021bi \u00eembarca f\u0103r\u0103 surprize \u00een fiecare zbor.<\/p>\n<h2>Discre\u021bia poli\u021bistului de frontier\u0103 \u00een timpul tranzi\u021biei<\/h2>\n<p>Chiar \u0219i cu perioada de gra\u021bie, poli\u021bi\u0219tii de frontier\u0103 \u00ee\u0219i p\u0103streaz\u0103 autoritatea final\u0103 asupra intr\u0103rii. \u00cen plus, c\u0103l\u0103torii f\u0103r\u0103 ETIAS se confrunt\u0103 cu interogatorii prelungite, verific\u0103ri ale documentelor \u0219i posibile inspec\u021bii secundare. \u00cen plus, aeroporturile cu un volum mare de trafic, precum Paris CDG \u0219i Amsterdam Schiphol, instaleaz\u0103 por\u021bi biometrice mai rapide pentru de\u021bin\u0103torii ETIAS pre-autoriza\u021bi.<\/p>\n<p>\u00cen plus, ofi\u021berii pot solicita dovezi privind cazarea, biletele de \u00eentoarcere \u0219i mijloacele financiare. Prin urmare, ave\u021bi asupra dumneavoastr\u0103 documente justificative. A se vedea <a href=\"https:\/\/europe-visa.eu\/ro\/blog\/etias-air-land-sea-border-entry-rules\/\">norme de intrare la frontier\u0103<\/a> pentru fiecare mod de intrare, inclusiv feriboturi \u0219i trenuri.<\/p>\n<h2>Politici ale companiilor aeriene \u00een func\u021bie de transportator<\/h2>\n<p>Marii transportatori europeni, precum Air France, KLM, Lufthansa \u0219i Iberia, inten\u021bioneaz\u0103 s\u0103 verifice ETIAS la check-in \u00eencep\u00e2nd cu Q4 2026, dar s\u0103 accepte pasageri f\u0103r\u0103 ETIAS \u00een timpul perioadei de gra\u021bie dac\u0103 \u021bara lor este scutit\u0103 de viz\u0103. \u00cen plus, transportatorii nord-americani urmeaz\u0103 protocoale similare. \u00cen plus, companiile aeriene low-cost precum Ryanair \u0219i Wizz Air sunt mai stricte \u0219i pot refuza \u00eembarcarea chiar \u0219i \u00een timpul tranzi\u021biei.<\/p>\n<figure class=\"wp-block-image size-large\"><img loading=\"lazy\" decoding=\"async\" width=\"1000\" height=\"750\" src=\"https:\/\/europe-visa.eu\/wp-content\/uploads\/2026\/03\/pexels-photo-259967.jpeg\" alt=\"Peru Machu Picchu ruine antice - ETIAS ghid de c\u0103l\u0103torie imagine prezentat\u0103 pentru Europe-Visa.eu\" class=\"aligncenter size-full wp-image-1089\" srcset=\"https:\/\/europe-visa.eu\/wp-content\/uploads\/2026\/03\/pexels-photo-259967.jpeg 1000w, https:\/\/europe-visa.eu\/wp-content\/uploads\/2026\/03\/pexels-photo-259967-300x225.jpeg 300w, https:\/\/europe-visa.eu\/wp-content\/uploads\/2026\/03\/pexels-photo-259967-768x576.jpeg 768w, https:\/\/europe-visa.eu\/wp-content\/uploads\/2026\/03\/pexels-photo-259967-16x12.jpeg 16w\" sizes=\"auto, (max-width: 1000px) 100vw, 1000px\" \/><\/figure>\n\n<p>\u00cen plus, echipele de conformitate ale companiilor aeriene instruiesc personalul cu privire la verificarea ETIAS la sf\u00e2r\u0219itul anului 2026. Prin urmare, politicile se pot \u00een\u0103spri rapid. \u00cen consecin\u021b\u0103, verifica\u021bi ultimul anun\u021b pentru pasageri al transportatorului dvs. \u00eenainte de a ajunge la aeroport.<\/p>\n<h2>Asigurarea de c\u0103l\u0103torie \u0219i perioada de gra\u021bie<\/h2>\n<p>Poli\u021bele de asigurare de c\u0103l\u0103torie solicit\u0103 uneori autorizarea ETIAS ca dovad\u0103 a preg\u0103tirii corespunz\u0103toare \u00eenainte de c\u0103l\u0103torie. \u00cen plus, f\u0103r\u0103 ETIAS, cererile de desp\u0103gubire pentru refuz la \u00eembarcare pot fi respinse ca fiind evitabile. \u00cen plus, verifica\u021bi formularea poli\u021bei de asigurare \u00eenainte de a zbura \u00een timpul perioadei de gra\u021bie.<\/p>\n<p>\u00cen plus, acoperirea pentru anulare variaz\u0103 \u00een func\u021bie de furnizor. Prin urmare, confirma\u021bi c\u0103 asigurarea dvs. trateaz\u0103 c\u0103l\u0103toriile \u00een perioada de gra\u021bie la fel ca \u0219i c\u0103l\u0103toriile autorizate. Ca urmare, evita\u021bi disputele \u00een cazul \u00een care apare o problem\u0103 de ultim moment la check-in sau \u00een zona de frontier\u0103 a aeroportului.<\/p>\n<h2>Aplicare integral\u0103 dup\u0103 aprilie 2027<\/h2>\n<p>\u00cencep\u00e2nd cu aprilie 2027, ETIAS devine obligatoriu la toate frontierele aeriene, terestre \u0219i maritime. \u00cen plus, companiile aeriene vor refuza \u00eembarcarea, iar func\u021bionarii de la punctele de trecere maritime \u0219i terestre vor refuza intrarea. \u00cen plus, nu exist\u0103 excep\u021bii \u00een afara excep\u021biilor ETIAS standard, cum ar fi cet\u0103\u021benia UE sau statutul de rezident.<\/p>\n<p>\u00cen plus, amenzile pentru transportatorii care transport\u0103 c\u0103l\u0103tori neautoriza\u021bi cresc substan\u021bial. Prin urmare, conformitatea devine strict\u0103 la nivelul \u00eentregii industrii. \u00cen consecin\u021b\u0103, planifica\u021bi fiecare c\u0103l\u0103torie dup\u0103 aprilie 2027 cu ETIAS aplicat \u0219i aprobat cu cel pu\u021bin 96 de ore \u00eenainte de plecare.<\/p>\n<h2>Ce se \u00eent\u00e2mpl\u0103 dac\u0103 vi se refuz\u0103 \u00eembarcarea?<\/h2>\n<p>Refuzul de \u00eembarcare \u00een timpul tranzi\u021biei duce de obicei la o scurt\u0103 \u00eent\u00e2rziere \u00een timp ce c\u0103l\u0103torul depune o cerere ETIAS de urgen\u021b\u0103 prin intermediul dispozitivului mobil. \u00cen plus, deciziile sunt adesea luate \u00een c\u00e2teva minute. \u00cen plus, companiile aeriene ofer\u0103 din ce \u00een ce mai mult Wi-Fi \u0219i chio\u0219curi pentru depunerea cererilor urgente. \u00cen consecin\u021b\u0103, incidentul este de obicei rezolvat \u00een decurs de o or\u0103.<\/p>\n<figure class=\"wp-block-image size-large\"><img loading=\"lazy\" decoding=\"async\" width=\"1200\" height=\"800\" src=\"https:\/\/europe-visa.eu\/wp-content\/uploads\/2026\/04\/etias-europe-map-planning.jpg\" alt=\"M\u00e2n\u0103 cu stilou planific\u00e2nd ruta de c\u0103l\u0103torie pe o hart\u0103 a Europei - ETIAS application planning\" class=\"aligncenter size-full wp-image-1182\" srcset=\"https:\/\/europe-visa.eu\/wp-content\/uploads\/2026\/04\/etias-europe-map-planning.jpg 1200w, https:\/\/europe-visa.eu\/wp-content\/uploads\/2026\/04\/etias-europe-map-planning-300x200.jpg 300w, https:\/\/europe-visa.eu\/wp-content\/uploads\/2026\/04\/etias-europe-map-planning-1024x683.jpg 1024w, https:\/\/europe-visa.eu\/wp-content\/uploads\/2026\/04\/etias-europe-map-planning-768x512.jpg 768w, https:\/\/europe-visa.eu\/wp-content\/uploads\/2026\/04\/etias-europe-map-planning-18x12.jpg 18w\" sizes=\"auto, (max-width: 1200px) 100vw, 1200px\" \/><\/figure>\n\n<p>\u00cen plus, p\u0103strarea unei chitan\u021be ETIAS tip\u0103rite evit\u0103 majoritatea acestor evenimente. Prin urmare, preg\u0103tirea este cel mai bun remediu. A se vedea <a href=\"https:\/\/europe-visa.eu\/ro\/blog\/etias-complete-travel-checklist-europe\/\">lista de verificare \u00eenainte de c\u0103l\u0103torie<\/a> pentru un pachet rapid preg\u0103tit pentru aeroport.<\/p>\n<h2>Sfaturi practice pentru o c\u0103l\u0103torie de tranzi\u021bie f\u0103r\u0103 probleme<\/h2>\n<p>Marca\u021bi portalul oficial europa.eu \u00een ziua lans\u0103rii. \u00cen plus, abona\u021bi-v\u0103 la alertele de c\u0103l\u0103torie ale companiei dumneavoastr\u0103 aeriene pentru a fi la curent cu modific\u0103rile de politic\u0103. \u00cen plus, re\u00eennoi\u021bi pa\u0219apoartele cu mult \u00eenainte de \u00eencheierea perioadei de gra\u021bie pentru a evita cererile duble. \u00cen consecin\u021b\u0103, conformitatea dumneavoastr\u0103 r\u0103m\u00e2ne stabil\u0103 pe parcursul perioadei de tranzi\u021bie.<\/p>\n<p>\u00cen plus, \u00eemp\u0103rt\u0103\u0219i\u021bi sfaturile ETIAS cu membrii familiei mai pu\u021bin familiariza\u021bi cu tehnologia. Prin urmare, \u00eentreaga familie are de c\u00e2\u0219tigat. Consulta\u021bi <a href=\"https:\/\/europe-visa.eu\/ro\/blog\/etias-families-children-requirements-group-2026\/\">reguli de familie<\/a> pentru strategii coordonate de prezentare \u0219i sprijin pentru rudele \u00een v\u00e2rst\u0103.<\/p>\n<h2>R\u0103spunsul industriei de turism la perioada de gra\u021bie<\/h2>\n<p>Turoperatorii, hotelurile \u0219i companiile aeriene se preg\u0103tesc pentru tranzi\u021bia la ETIAS prin actualizarea sistemelor de rezervare \u0219i formarea personalului. \u00cen plus, poli\u021bele de asigurare de c\u0103l\u0103torie includ adesea clauze specifice privind autoriza\u021biile digitale. \u00cen plus, personalul aeroportuar prime\u0219te cursuri de formare privind asisten\u021ba la chio\u0219curi \u0219i verificarea documentelor. \u00cen consecin\u021b\u0103, industria coordoneaz\u0103 conformitatea cu c\u00e2teva luni \u00eenainte de intrarea \u00een vigoare.<\/p>\n<figure class=\"wp-block-image size-large\"><img loading=\"lazy\" decoding=\"async\" width=\"500\" height=\"750\" src=\"https:\/\/europe-visa.eu\/wp-content\/uploads\/2026\/03\/pexels-photo-20732643.jpeg\" alt=\"Albania Tirana cl\u0103diri colorate - ETIAS ghid de c\u0103l\u0103torie imagine prezentat\u0103 pentru Europe-Visa.eu\" class=\"aligncenter size-full wp-image-1069\" srcset=\"https:\/\/europe-visa.eu\/wp-content\/uploads\/2026\/03\/pexels-photo-20732643.jpeg 500w, https:\/\/europe-visa.eu\/wp-content\/uploads\/2026\/03\/pexels-photo-20732643-200x300.jpeg 200w, https:\/\/europe-visa.eu\/wp-content\/uploads\/2026\/03\/pexels-photo-20732643-8x12.jpeg 8w\" sizes=\"auto, (max-width: 500px) 100vw, 500px\" \/><\/figure>\n\n<p>\u00cen plus, mass-media din domeniul c\u0103l\u0103toriilor \u0219i persoanele influente joac\u0103 un rol \u00een sensibilizarea publicului. Prin urmare, urm\u0103rind surse de \u0219tiri de c\u0103l\u0103torie de renume v\u0103 men\u021bine\u021bi la curent. A se vedea <a href=\"https:\/\/europe-visa.eu\/ro\/blog\/etias-launch-q4-2026-official-timeline-guide\/\">calendarul lans\u0103rii<\/a> pentru etapele de preg\u0103tire a industriei \u0219i pentru anun\u021burile de politic\u0103 specifice transportatorilor, pe m\u0103sur\u0103 ce apar pe parcursul perioadei de gra\u021bie.<\/p>\n<h2>Rezumatul cronologic al perioadei de gra\u021bie<\/h2>\n<p>Tabelul de mai jos rezum\u0103 etapele perioadei de gra\u021bie ETIAS \u0219i ceea ce ar trebui s\u0103 face\u021bi \u00een fiecare etap\u0103 pentru a r\u0103m\u00e2ne pe partea sigur\u0103 a conformit\u0103\u021bii.<\/p>\n<figure class=\"wp-block-table\"><table>\n<thead><tr><th>Faza<\/th><th>Date<\/th><th>Intrare f\u0103r\u0103 ETIAS<\/th><th>Cea mai bun\u0103 mi\u0219care a ta<\/th><\/tr><\/thead>\n<tbody>\n<tr><td>Pre-lansare<\/td><td>P\u00e2n\u0103 \u00een Q4 2026<\/td><td>Nu se aplic\u0103<\/td><td>Preg\u0103tirea documentelor<\/td><\/tr>\n<tr><td>Lansare p\u00e2n\u0103 \u00een luna 3<\/td><td>T4 2026 - februarie 2027<\/td><td>Posibil<\/td><td>Aplica\u021bi imediat<\/td><\/tr>\n<tr><td>Luna 4-6<\/td><td>Feb 2027 - Apr 2027<\/td><td>Din ce \u00een ce mai restric\u021bionat<\/td><td>Aplica\u021bi acum dac\u0103 nu a\u021bi aplicat \u00eenc\u0103<\/td><\/tr>\n<tr><td>Aplicarea integral\u0103<\/td><td>\u00cencep\u00e2nd cu aprilie 2027<\/td><td>\u00cembarcare refuzat\u0103<\/td><td>Trebuie s\u0103 aib\u0103 ETIAS<\/td><\/tr>\n<tr><td>Primele re\u00eennoiri<\/td><td>\u00cencep\u00e2nd cu 2029<\/td><td>Nu se aplic\u0103<\/td><td>Reaplica\u021bi din timp<\/td><\/tr>\n<\/tbody><\/table><\/figure>\n<h2>\u00centreb\u0103ri frecvente<\/h2>\n<h3>C\u00e2t dureaz\u0103 perioada de gra\u021bie ETIAS?<\/h3>\n<p>Perioada de gra\u021bie dureaz\u0103 cel pu\u021bin \u0219ase luni de la lansarea din Q4 2026 \u0219i se \u00eencheie \u00een jurul lunii aprilie 2027. \u00cen plus, durata exact\u0103 este stabilit\u0103 de Comisia European\u0103 \u0219i publicat\u0103 pe europa.eu. Prin urmare, confirma\u021bi data exact\u0103 de \u00eencheiere cu pu\u021bin timp \u00eenainte de c\u0103l\u0103toria dvs. \u00een timpul acestei ferestre de tranzi\u021bie.<\/p>\n<h3>Pot zbura cu siguran\u021b\u0103 \u00een Europa f\u0103r\u0103 ETIAS \u00een timpul perioadei de gra\u021bie?<\/h3>\n<p>Nu este garantat. Companiile aeriene \u00ee\u0219i p\u0103streaz\u0103 dreptul de a refuza \u00eembarcarea, iar unii transportatori low-cost aplic\u0103 controale ETIAS stricte \u00eenc\u0103 din prima zi. \u00cen plus, poli\u021bi\u0219tii de frontier\u0103 pot interoga mai am\u0103nun\u021bit c\u0103l\u0103torii neautoriza\u021bi. Prin urmare, solicitarea din timp este singura op\u021biune cu adev\u0103rat sigur\u0103.<\/p>\n<h3>Vor accepta \u00eentotdeauna companiile aeriene c\u0103l\u0103torii cu perioad\u0103 de gra\u021bie?<\/h3>\n<p>Principalii transportatori de re\u021bea tind s\u0103 urmeze politica UE \u0219i s\u0103 accepte c\u0103l\u0103torii scuti\u021bi de viz\u0103 care \u00eendeplinesc alte condi\u021bii. Cu toate acestea, transportatorii stric\u021bi precum Ryanair \u0219i Wizz Air resping adesea pasagerii neautoriza\u021bi. Prin urmare, verifica\u021bi politica specific\u0103 a companiei aeriene \u00eenainte de a v\u0103 baza pe flexibilitatea perioadei de gra\u021bie.<\/p>\n<figure class=\"wp-block-image size-large\"><img loading=\"lazy\" decoding=\"async\" width=\"1200\" height=\"630\" src=\"https:\/\/europe-visa.eu\/wp-content\/uploads\/2026\/03\/etias-timeline.jpg\" alt=\"Cronologie ETIAS Lansare 2026 2027\" class=\"aligncenter size-full wp-image-1142\" srcset=\"https:\/\/europe-visa.eu\/wp-content\/uploads\/2026\/03\/etias-timeline.jpg 1200w, https:\/\/europe-visa.eu\/wp-content\/uploads\/2026\/03\/etias-timeline-300x158.jpg 300w, https:\/\/europe-visa.eu\/wp-content\/uploads\/2026\/03\/etias-timeline-1024x538.jpg 1024w, https:\/\/europe-visa.eu\/wp-content\/uploads\/2026\/03\/etias-timeline-768x403.jpg 768w, https:\/\/europe-visa.eu\/wp-content\/uploads\/2026\/03\/etias-timeline-18x9.jpg 18w\" sizes=\"auto, (max-width: 1200px) 100vw, 1200px\" \/><\/figure>\n\n<h3>Ce se va \u00eent\u00e2mpla exact \u00een aprilie 2027 dac\u0103 \u00eenc\u0103 nu am ETIAS?<\/h3>\n<p>De la data intr\u0103rii \u00een vigoare, fiecare companie aerian\u0103 trebuie s\u0103 refuze \u00eembarcarea pasagerilor care nu au ETIAS valabil. \u00cen plus, poli\u021bi\u0219tii de frontier\u0103 terestr\u0103 \u0219i maritim\u0103 vor refuza intrarea. Prin urmare, nu sunt planificate prelungiri ale perioadei de gra\u021bie dincolo de aprilie 2027, iar aplicarea se face la nivelul \u00eentregului sistem, \u00een toate statele membre.<\/p>\n<h3>Perioada de gra\u021bie este aceea\u0219i la toate frontierele Schengen?<\/h3>\n<p>Da, perioada de gra\u021bie se aplic\u0103 la toate frontierele aeriene, terestre \u0219i maritime ale celor 30 de state Schengen. \u00cen plus, fiecare \u021bar\u0103 \u00een parte nu poate renun\u021ba sau prelungi unilateral termenul. \u00cen consecin\u021b\u0103, consecven\u021ba avantajeaz\u0103 c\u0103l\u0103torii care se deplaseaz\u0103 \u00eentre mai multe \u021b\u0103ri Schengen \u00een timpul perioadei de tranzi\u021bie.<\/p>\n<h3>Pot aplica pentru ETIAS \u00een timp ce sunt deja \u00een Europa?<\/h3>\n<p>Da, cererile ETIAS pot fi depuse de oriunde ave\u021bi acces la internet, inclusiv \u00een timpul c\u0103l\u0103toriei. \u00cen plus, autoriza\u021bia se activeaz\u0103 la aprobare \u0219i este valabil\u0103 pentru intr\u0103rile viitoare. A se vedea <a href=\"https:\/\/europe-visa.eu\/ro\/blog\/etias-application-guide-step-by-step-2026\/\">ghidul de aplicare<\/a> pentru cel mai rapid proces.<\/p>\n<h3>Perioada de gra\u021bie se aplic\u0103 \u00een egal\u0103 m\u0103sur\u0103 c\u0103l\u0103torilor britanici \u0219i celor americani?<\/h3>\n<p>Da, perioada de gra\u021bie se aplic\u0103 \u00een mod uniform tuturor na\u021bionalit\u0103\u021bilor scutite de viz\u0103, inclusiv cet\u0103\u021benilor britanici, americani, canadieni, australieni \u0219i japonezi. \u00cen plus, na\u021bionalitatea nu afecteaz\u0103 calendarul de tranzi\u021bie. Prin urmare, fiecare c\u0103l\u0103tor eligibil pentru ETIAS beneficiaz\u0103 \u00een mod egal de perioada de \u0219ase luni.<\/p>\n<h2>G\u00e2nduri finale<\/h2>\n<p>Perioada de gra\u021bie ETIAS ofer\u0103 o cale de atac pentru c\u0103l\u0103torii care se adapteaz\u0103 la noul sistem, dar tratarea acesteia ca fiind op\u021bional\u0103 este riscant\u0103. \u00cen plus, stricte\u021bea companiilor aeriene \u0219i discre\u021bia poli\u021bi\u0219tilor de frontier\u0103 \u00eenseamn\u0103 c\u0103 aplicarea timpurie r\u0103m\u00e2ne cea mai sigur\u0103 cale. \u00cen plus, aplicarea integral\u0103 din aprilie 2027 afecteaz\u0103 \u00een mod uniform toate frontierele aeriene, terestre \u0219i maritime. Prin urmare, aplica\u021bi \u00een primele s\u0103pt\u0103m\u00e2ni ale lans\u0103rii din T4 2026 \u0219i revizui\u021bi <a href=\"https:\/\/europe-visa.eu\/ro\/blog\/etias-launch-q4-2026-official-timeline-guide\/\">calendarul lans\u0103rii<\/a> pentru a confirma fiecare etap\u0103 important\u0103. Prin urmare, trata\u021bi perioada de gra\u021bie ca pe un timp bonus pentru a v\u0103 preg\u0103ti, nu pentru a s\u0103ri peste, \u0219i p\u0103stra\u021bi c\u0103l\u0103toriile europene f\u0103r\u0103 efort p\u00e2n\u0103 \u00een 2027 \u0219i dup\u0103.<\/p>\n<!-- IMG-CAP-2026 -->\n\n<style data-img-cap=\"2026-05-26\">\n.entry-content figure.wp-block-image img,.entry-content .wp-block-image img,.entry-content img,.post-content img,.td-post-content img,article figure img,article .wp-block-image img{max-width:100%!important;max-height:500px!important;height:auto!important;width:auto!important;object-fit:contain!important;display:block!important;margin:1.5rem auto!important}\n@media (max-width:768px){.entry-content figure.wp-block-image img,.entry-content .wp-block-image img,.entry-content img,.post-content img,.td-post-content img,article figure img,article .wp-block-image img{max-height:320px!important}}\n<\/style>","protected":false},"excerpt":{"rendered":"<p>The ETIAS grace period runs from the Q4 2026 launch through roughly April 2027, giving millions of travelers time to [&hellip;]<\/p>\n","protected":false},"author":2,"featured_media":1145,"comment_status":"closed","ping_status":"","sticky":false,"template":"","format":"standard","meta":{"_yoast_wpseo_focuskw":"ETIAS grace period","_yoast_wpseo_title":"ETIAS Grace Period: Travel Rules Through April 2027","_yoast_wpseo_metadesc":"The ETIAS grace period runs from launch in Q4 2026 until around April 2027. Learn entry conditions, airline policies, and why applying early is still smart.","site-sidebar-layout":"default","site-content-layout":"","ast-site-content-layout":"default","site-content-style":"default","site-sidebar-style":"default","ast-global-header-display":"","ast-banner-title-visibility":"","ast-main-header-display":"","ast-hfb-above-header-display":"","ast-hfb-below-header-display":"","ast-hfb-mobile-header-display":"","site-post-title":"","ast-breadcrumbs-content":"","ast-featured-img":"","footer-sml-layout":"","ast-disable-related-posts":"","theme-transparent-header-meta":"","adv-header-id-meta":"","stick-header-meta":"","header-above-stick-meta":"","header-main-stick-meta":"","header-below-stick-meta":"","astra-migrate-meta-layouts":"default","ast-page-background-enabled":"default","ast-page-background-meta":{"desktop":{"background-color":"var(--ast-global-color-5)","background-image":"","background-repeat":"repeat","background-position":"center center","background-size":"auto","background-attachment":"scroll","background-type":"","background-media":"","overlay-type":"","overlay-color":"","overlay-opacity":"","overlay-gradient":""},"tablet":{"background-color":"","background-image":"","background-repeat":"repeat","background-position":"center center","background-size":"auto","background-attachment":"scroll","background-type":"","background-media":"","overlay-type":"","overlay-color":"","overlay-opacity":"","overlay-gradient":""},"mobile":{"background-color":"","background-image":"","background-repeat":"repeat","background-position":"center center","background-size":"auto","background-attachment":"scroll","background-type":"","background-media":"","overlay-type":"","overlay-color":"","overlay-opacity":"","overlay-gradient":""}},"ast-content-background-meta":{"desktop":{"background-color":"var(--ast-global-color-4)","background-image":"","background-repeat":"repeat","background-position":"center center","background-size":"auto","background-attachment":"scroll","background-type":"","background-media":"","overlay-type":"","overlay-color":"","overlay-opacity":"","overlay-gradient":""},"tablet":{"background-color":"var(--ast-global-color-4)","background-image":"","background-repeat":"repeat","background-position":"center center","background-size":"auto","background-attachment":"scroll","background-type":"","background-media":"","overlay-type":"","overlay-color":"","overlay-opacity":"","overlay-gradient":""},"mobile":{"background-color":"var(--ast-global-color-4)","background-image":"","background-repeat":"repeat","background-position":"center center","background-size":"auto","background-attachment":"scroll","background-type":"","background-media":"","overlay-type":"","overlay-color":"","overlay-opacity":"","overlay-gradient":""}},"footnotes":""},"categories":[13],"tags":[],"class_list":["post-1238","post","type-post","status-publish","format-standard","has-post-thumbnail","hentry","category-blog"],"yoast_head":"<!-- This site is optimized with the Yoast SEO plugin v27.0 - https:\/\/yoast.com\/product\/yoast-seo-wordpress\/ -->\n<title>ETIAS Grace Period: Travel Rules Through April 2027<\/title>\n<meta name=\"description\" content=\"The ETIAS grace period runs from launch in Q4 2026 until around April 2027. Learn entry conditions, airline policies, and why applying early is still smart.\" \/>\n<meta name=\"robots\" content=\"index, follow, max-snippet:-1, max-image-preview:large, max-video-preview:-1\" \/>\n<link rel=\"canonical\" href=\"https:\/\/europe-visa.eu\/ro\/blog\/etias-grace-period-travel-without-until-april-2027\/\" \/>\n<meta property=\"og:locale\" content=\"ro_RO\" \/>\n<meta property=\"og:type\" content=\"article\" \/>\n<meta property=\"og:title\" content=\"ETIAS Grace Period: Travel Rules Through April 2027\" \/>\n<meta property=\"og:description\" content=\"The ETIAS grace period runs from launch in Q4 2026 until around April 2027. Learn entry conditions, airline policies, and why applying early is still smart.\" \/>\n<meta property=\"og:url\" content=\"https:\/\/europe-visa.eu\/ro\/blog\/etias-grace-period-travel-without-until-april-2027\/\" \/>\n<meta property=\"og:site_name\" content=\"ETIAS - Travel to Europe\" \/>\n<meta property=\"article:published_time\" content=\"2026-04-16T18:00:00+00:00\" \/>\n<meta property=\"article:modified_time\" content=\"2026-06-01T18:59:14+00:00\" \/>\n<meta property=\"og:image\" content=\"https:\/\/europe-visa.eu\/wp-content\/uploads\/2026\/03\/etias-transitional.jpg\" \/>\n\t<meta property=\"og:image:width\" content=\"1200\" \/>\n\t<meta property=\"og:image:height\" content=\"630\" \/>\n\t<meta property=\"og:image:type\" content=\"image\/jpeg\" \/>\n<meta name=\"author\" content=\"Lukas Lukas\" \/>\n<meta name=\"twitter:card\" content=\"summary_large_image\" \/>\n<meta name=\"twitter:label1\" content=\"Scris de\" \/>\n\t<meta name=\"twitter:data1\" content=\"Lukas Lukas\" \/>\n\t<meta name=\"twitter:label2\" content=\"Timp estimat pentru citire\" \/>\n\t<meta name=\"twitter:data2\" content=\"7 minute\" \/>\n<script type=\"application\/ld+json\" class=\"yoast-schema-graph\">{\"@context\":\"https:\/\/schema.org\",\"@graph\":[{\"@type\":\"Article\",\"@id\":\"https:\/\/europe-visa.eu\/blog\/etias-grace-period-travel-without-until-april-2027\/#article\",\"isPartOf\":{\"@id\":\"https:\/\/europe-visa.eu\/blog\/etias-grace-period-travel-without-until-april-2027\/\"},\"author\":{\"name\":\"Lukas Lukas\",\"@id\":\"https:\/\/europe-visa.eu\/#\/schema\/person\/d0eb5d90529a6716b0467b7f7be1020b\"},\"headline\":\"ETIAS Grace Period: Travel Without ETIAS Until April 2027\",\"datePublished\":\"2026-04-16T18:00:00+00:00\",\"dateModified\":\"2026-06-01T18:59:14+00:00\",\"mainEntityOfPage\":{\"@id\":\"https:\/\/europe-visa.eu\/blog\/etias-grace-period-travel-without-until-april-2027\/\"},\"wordCount\":1495,\"publisher\":{\"@id\":\"https:\/\/europe-visa.eu\/#organization\"},\"image\":{\"@id\":\"https:\/\/europe-visa.eu\/blog\/etias-grace-period-travel-without-until-april-2027\/#primaryimage\"},\"thumbnailUrl\":\"https:\/\/europe-visa.eu\/wp-content\/uploads\/2026\/03\/etias-transitional.jpg\",\"articleSection\":[\"Blog\"],\"inLanguage\":\"ro-RO\"},{\"@type\":\"WebPage\",\"@id\":\"https:\/\/europe-visa.eu\/blog\/etias-grace-period-travel-without-until-april-2027\/\",\"url\":\"https:\/\/europe-visa.eu\/blog\/etias-grace-period-travel-without-until-april-2027\/\",\"name\":\"ETIAS Grace Period: Travel Rules Through April 2027\",\"isPartOf\":{\"@id\":\"https:\/\/europe-visa.eu\/#website\"},\"primaryImageOfPage\":{\"@id\":\"https:\/\/europe-visa.eu\/blog\/etias-grace-period-travel-without-until-april-2027\/#primaryimage\"},\"image\":{\"@id\":\"https:\/\/europe-visa.eu\/blog\/etias-grace-period-travel-without-until-april-2027\/#primaryimage\"},\"thumbnailUrl\":\"https:\/\/europe-visa.eu\/wp-content\/uploads\/2026\/03\/etias-transitional.jpg\",\"datePublished\":\"2026-04-16T18:00:00+00:00\",\"dateModified\":\"2026-06-01T18:59:14+00:00\",\"description\":\"The ETIAS grace period runs from launch in Q4 2026 until around April 2027. Learn entry conditions, airline policies, and why applying early is still smart.\",\"breadcrumb\":{\"@id\":\"https:\/\/europe-visa.eu\/blog\/etias-grace-period-travel-without-until-april-2027\/#breadcrumb\"},\"inLanguage\":\"ro-RO\",\"potentialAction\":[{\"@type\":\"ReadAction\",\"target\":[\"https:\/\/europe-visa.eu\/blog\/etias-grace-period-travel-without-until-april-2027\/\"]}]},{\"@type\":\"ImageObject\",\"inLanguage\":\"ro-RO\",\"@id\":\"https:\/\/europe-visa.eu\/blog\/etias-grace-period-travel-without-until-april-2027\/#primaryimage\",\"url\":\"https:\/\/europe-visa.eu\/wp-content\/uploads\/2026\/03\/etias-transitional.jpg\",\"contentUrl\":\"https:\/\/europe-visa.eu\/wp-content\/uploads\/2026\/03\/etias-transitional.jpg\",\"width\":1200,\"height\":630,\"caption\":\"ETIAS Transitional Period Implementation 2026-2027\"},{\"@type\":\"BreadcrumbList\",\"@id\":\"https:\/\/europe-visa.eu\/blog\/etias-grace-period-travel-without-until-april-2027\/#breadcrumb\",\"itemListElement\":[{\"@type\":\"ListItem\",\"position\":1,\"name\":\"Home\",\"item\":\"https:\/\/europe-visa.eu\/\"},{\"@type\":\"ListItem\",\"position\":2,\"name\":\"ETIAS Grace Period: Travel Without ETIAS Until April 2027\"}]},{\"@type\":\"WebSite\",\"@id\":\"https:\/\/europe-visa.eu\/#website\",\"url\":\"https:\/\/europe-visa.eu\/\",\"name\":\"ETIAS - Travel to Europe\",\"description\":\"\",\"publisher\":{\"@id\":\"https:\/\/europe-visa.eu\/#organization\"},\"potentialAction\":[{\"@type\":\"SearchAction\",\"target\":{\"@type\":\"EntryPoint\",\"urlTemplate\":\"https:\/\/europe-visa.eu\/?s={search_term_string}\"},\"query-input\":{\"@type\":\"PropertyValueSpecification\",\"valueRequired\":true,\"valueName\":\"search_term_string\"}}],\"inLanguage\":\"ro-RO\"},{\"@type\":\"Organization\",\"@id\":\"https:\/\/europe-visa.eu\/#organization\",\"name\":\"Europe-Visa.eu\",\"url\":\"https:\/\/europe-visa.eu\/\",\"logo\":{\"@type\":\"ImageObject\",\"inLanguage\":\"ro-RO\",\"@id\":\"https:\/\/europe-visa.eu\/#\/schema\/logo\/image\/\",\"url\":\"https:\/\/europe-visa.eu\/wp-content\/uploads\/2026\/02\/etias-favicon.png\",\"contentUrl\":\"https:\/\/europe-visa.eu\/wp-content\/uploads\/2026\/02\/etias-favicon.png\",\"width\":512,\"height\":512,\"caption\":\"Europe-Visa.eu\"},\"image\":{\"@id\":\"https:\/\/europe-visa.eu\/#\/schema\/logo\/image\/\"}},{\"@type\":\"Person\",\"@id\":\"https:\/\/europe-visa.eu\/#\/schema\/person\/d0eb5d90529a6716b0467b7f7be1020b\",\"name\":\"Lukas Lukas\",\"image\":{\"@type\":\"ImageObject\",\"inLanguage\":\"ro-RO\",\"@id\":\"https:\/\/europe-visa.eu\/#\/schema\/person\/image\/\",\"url\":\"https:\/\/secure.gravatar.com\/avatar\/95ba2aa5515cb28d55e5aafefd1ae0b601c1c904c08f88c4d334d6b9a2d2d0e2?s=96&d=mm&r=g\",\"contentUrl\":\"https:\/\/secure.gravatar.com\/avatar\/95ba2aa5515cb28d55e5aafefd1ae0b601c1c904c08f88c4d334d6b9a2d2d0e2?s=96&d=mm&r=g\",\"caption\":\"Lukas Lukas\"},\"url\":\"https:\/\/europe-visa.eu\/ro\/blog\/author\/lukas\/\"}]}<\/script>\n<!-- \/ Yoast SEO plugin. -->","yoast_head_json":{"title":"Perioada de gra\u021bie ETIAS: Reguli de c\u0103l\u0103torie p\u00e2n\u0103 \u00een aprilie 2027","description":"Perioada de gra\u021bie ETIAS este cuprins\u0103 \u00eentre momentul lans\u0103rii \u00een T4 2026 \u0219i aproximativ aprilie 2027. Afla\u021bi condi\u021biile de intrare, politicile companiilor aeriene \u0219i de ce este \u00eenc\u0103 inteligent s\u0103 aplica\u021bi din timp.","robots":{"index":"index","follow":"follow","max-snippet":"max-snippet:-1","max-image-preview":"max-image-preview:large","max-video-preview":"max-video-preview:-1"},"canonical":"https:\/\/europe-visa.eu\/ro\/blog\/etias-grace-period-travel-without-until-april-2027\/","og_locale":"ro_RO","og_type":"article","og_title":"ETIAS Grace Period: Travel Rules Through April 2027","og_description":"The ETIAS grace period runs from launch in Q4 2026 until around April 2027. Learn entry conditions, airline policies, and why applying early is still smart.","og_url":"https:\/\/europe-visa.eu\/ro\/blog\/etias-grace-period-travel-without-until-april-2027\/","og_site_name":"ETIAS - Travel to Europe","article_published_time":"2026-04-16T18:00:00+00:00","article_modified_time":"2026-06-01T18:59:14+00:00","og_image":[{"width":1200,"height":630,"url":"https:\/\/europe-visa.eu\/wp-content\/uploads\/2026\/03\/etias-transitional.jpg","type":"image\/jpeg"}],"author":"Lukas Lukas","twitter_card":"summary_large_image","twitter_misc":{"Scris de":"Lukas Lukas","Timp estimat pentru citire":"7 minute"},"schema":{"@context":"https:\/\/schema.org","@graph":[{"@type":"Article","@id":"https:\/\/europe-visa.eu\/blog\/etias-grace-period-travel-without-until-april-2027\/#article","isPartOf":{"@id":"https:\/\/europe-visa.eu\/blog\/etias-grace-period-travel-without-until-april-2027\/"},"author":{"name":"Lukas Lukas","@id":"https:\/\/europe-visa.eu\/#\/schema\/person\/d0eb5d90529a6716b0467b7f7be1020b"},"headline":"ETIAS Grace Period: Travel Without ETIAS Until April 2027","datePublished":"2026-04-16T18:00:00+00:00","dateModified":"2026-06-01T18:59:14+00:00","mainEntityOfPage":{"@id":"https:\/\/europe-visa.eu\/blog\/etias-grace-period-travel-without-until-april-2027\/"},"wordCount":1495,"publisher":{"@id":"https:\/\/europe-visa.eu\/#organization"},"image":{"@id":"https:\/\/europe-visa.eu\/blog\/etias-grace-period-travel-without-until-april-2027\/#primaryimage"},"thumbnailUrl":"https:\/\/europe-visa.eu\/wp-content\/uploads\/2026\/03\/etias-transitional.jpg","articleSection":["Blog"],"inLanguage":"ro-RO"},{"@type":"WebPage","@id":"https:\/\/europe-visa.eu\/blog\/etias-grace-period-travel-without-until-april-2027\/","url":"https:\/\/europe-visa.eu\/blog\/etias-grace-period-travel-without-until-april-2027\/","name":"Perioada de gra\u021bie ETIAS: Reguli de c\u0103l\u0103torie p\u00e2n\u0103 \u00een aprilie 2027","isPartOf":{"@id":"https:\/\/europe-visa.eu\/#website"},"primaryImageOfPage":{"@id":"https:\/\/europe-visa.eu\/blog\/etias-grace-period-travel-without-until-april-2027\/#primaryimage"},"image":{"@id":"https:\/\/europe-visa.eu\/blog\/etias-grace-period-travel-without-until-april-2027\/#primaryimage"},"thumbnailUrl":"https:\/\/europe-visa.eu\/wp-content\/uploads\/2026\/03\/etias-transitional.jpg","datePublished":"2026-04-16T18:00:00+00:00","dateModified":"2026-06-01T18:59:14+00:00","description":"Perioada de gra\u021bie ETIAS este cuprins\u0103 \u00eentre momentul lans\u0103rii \u00een T4 2026 \u0219i aproximativ aprilie 2027. Afla\u021bi condi\u021biile de intrare, politicile companiilor aeriene \u0219i de ce este \u00eenc\u0103 inteligent s\u0103 aplica\u021bi din timp.","breadcrumb":{"@id":"https:\/\/europe-visa.eu\/blog\/etias-grace-period-travel-without-until-april-2027\/#breadcrumb"},"inLanguage":"ro-RO","potentialAction":[{"@type":"ReadAction","target":["https:\/\/europe-visa.eu\/blog\/etias-grace-period-travel-without-until-april-2027\/"]}]},{"@type":"ImageObject","inLanguage":"ro-RO","@id":"https:\/\/europe-visa.eu\/blog\/etias-grace-period-travel-without-until-april-2027\/#primaryimage","url":"https:\/\/europe-visa.eu\/wp-content\/uploads\/2026\/03\/etias-transitional.jpg","contentUrl":"https:\/\/europe-visa.eu\/wp-content\/uploads\/2026\/03\/etias-transitional.jpg","width":1200,"height":630,"caption":"ETIAS Transitional Period Implementation 2026-2027"},{"@type":"BreadcrumbList","@id":"https:\/\/europe-visa.eu\/blog\/etias-grace-period-travel-without-until-april-2027\/#breadcrumb","itemListElement":[{"@type":"ListItem","position":1,"name":"Home","item":"https:\/\/europe-visa.eu\/"},{"@type":"ListItem","position":2,"name":"ETIAS Grace Period: Travel Without ETIAS Until April 2027"}]},{"@type":"WebSite","@id":"https:\/\/europe-visa.eu\/#website","url":"https:\/\/europe-visa.eu\/","name":"ETIAS - C\u0103l\u0103torie \u00een Europa","description":"","publisher":{"@id":"https:\/\/europe-visa.eu\/#organization"},"potentialAction":[{"@type":"SearchAction","target":{"@type":"EntryPoint","urlTemplate":"https:\/\/europe-visa.eu\/?s={search_term_string}"},"query-input":{"@type":"PropertyValueSpecification","valueRequired":true,"valueName":"search_term_string"}}],"inLanguage":"ro-RO"},{"@type":"Organization","@id":"https:\/\/europe-visa.eu\/#organization","name":"Europa-Visa.eu","url":"https:\/\/europe-visa.eu\/","logo":{"@type":"ImageObject","inLanguage":"ro-RO","@id":"https:\/\/europe-visa.eu\/#\/schema\/logo\/image\/","url":"https:\/\/europe-visa.eu\/wp-content\/uploads\/2026\/02\/etias-favicon.png","contentUrl":"https:\/\/europe-visa.eu\/wp-content\/uploads\/2026\/02\/etias-favicon.png","width":512,"height":512,"caption":"Europe-Visa.eu"},"image":{"@id":"https:\/\/europe-visa.eu\/#\/schema\/logo\/image\/"}},{"@type":"Person","@id":"https:\/\/europe-visa.eu\/#\/schema\/person\/d0eb5d90529a6716b0467b7f7be1020b","name":"Lukas Lukas","image":{"@type":"ImageObject","inLanguage":"ro-RO","@id":"https:\/\/europe-visa.eu\/#\/schema\/person\/image\/","url":"https:\/\/secure.gravatar.com\/avatar\/95ba2aa5515cb28d55e5aafefd1ae0b601c1c904c08f88c4d334d6b9a2d2d0e2?s=96&d=mm&r=g","contentUrl":"https:\/\/secure.gravatar.com\/avatar\/95ba2aa5515cb28d55e5aafefd1ae0b601c1c904c08f88c4d334d6b9a2d2d0e2?s=96&d=mm&r=g","caption":"Lukas Lukas"},"url":"https:\/\/europe-visa.eu\/ro\/blog\/author\/lukas\/"}]}},"_links":{"self":[{"href":"https:\/\/europe-visa.eu\/ro\/wp-json\/wp\/v2\/posts\/1238","targetHints":{"allow":["GET"]}}],"collection":[{"href":"https:\/\/europe-visa.eu\/ro\/wp-json\/wp\/v2\/posts"}],"about":[{"href":"https:\/\/europe-visa.eu\/ro\/wp-json\/wp\/v2\/types\/post"}],"author":[{"embeddable":true,"href":"https:\/\/europe-visa.eu\/ro\/wp-json\/wp\/v2\/users\/2"}],"replies":[{"embeddable":true,"href":"https:\/\/europe-visa.eu\/ro\/wp-json\/wp\/v2\/comments?post=1238"}],"version-history":[{"count":3,"href":"https:\/\/europe-visa.eu\/ro\/wp-json\/wp\/v2\/posts\/1238\/revisions"}],"predecessor-version":[{"id":2006,"href":"https:\/\/europe-visa.eu\/ro\/wp-json\/wp\/v2\/posts\/1238\/revisions\/2006"}],"wp:featuredmedia":[{"embeddable":true,"href":"https:\/\/europe-visa.eu\/ro\/wp-json\/wp\/v2\/media\/1145"}],"wp:attachment":[{"href":"https:\/\/europe-visa.eu\/ro\/wp-json\/wp\/v2\/media?parent=1238"}],"wp:term":[{"taxonomy":"category","embeddable":true,"href":"https:\/\/europe-visa.eu\/ro\/wp-json\/wp\/v2\/categories?post=1238"},{"taxonomy":"post_tag","embeddable":true,"href":"https:\/\/europe-visa.eu\/ro\/wp-json\/wp\/v2\/tags?post=1238"}],"curies":[{"name":"wp","href":"https:\/\/api.w.org\/{rel}","templated":true}]}}