{"id":1848,"date":"2026-06-15T07:00:00","date_gmt":"2026-06-15T07:00:00","guid":{"rendered":"https:\/\/europe-visa.eu\/?p=1848"},"modified":"2026-07-02T13:58:24","modified_gmt":"2026-07-02T13:58:24","slug":"etias-balkans-schengen-route-croatia-slovenia-2026","status":"publish","type":"post","link":"https:\/\/europe-visa.eu\/tr\/blog\/etias-balkans-schengen-route-croatia-slovenia-2026\/","title":{"rendered":"ETIAS Balkans-Schengen Route 2026: Croatia and Slovenia Travel Guide"},"content":{"rendered":"<p>Slovenya 2007'de Schengen'e, H\u0131rvatistan ise 2023'te kat\u0131lm\u0131\u015ft\u0131r \u2014 bu da Trieste'den Dubrovnik'e kadar olan t\u00fcm Adriyatik k\u0131y\u0131s\u0131n\u0131 2026'da tek bir ETIAS b\u00f6lgesine d\u00f6n\u00fc\u015ft\u00fcrm\u00fc\u015ft\u00fcr. Ayr\u0131ca bu rehber, Slovenya\u2013H\u0131rvatistan rotas\u0131n\u0131, Schengen d\u0131\u015f\u0131 Bosna, Karada\u011f ve Kuzey Makedonya'ya sonraki seyahatler i\u00e7in ETIAS kurallar\u0131n\u0131 ve Balkan-Schengen segmentinin di\u011fer Akdeniz gezileriyle nas\u0131l kar\u015f\u0131la\u015ft\u0131r\u0131ld\u0131\u011f\u0131n\u0131 kapsamaktad\u0131r.<\/p>\n<h2><strong>H\u0131zl\u0131 bilgiler: 2026'da ETIAS bir bak\u0131\u015fta<\/strong><\/h2><p><strong>K\u0131saca: ETIAS, AB'nin yeni \u00f6n seyahat yetkilendirme sistemidir \u2014 2026'da Schengen \u00fclkelerine ziyaret eden 60+ vize muafiyetli uyruklar i\u00e7in zorunludur. \u20ac20 \u00fccret 3 y\u0131ll\u0131k birden fazla k\u0131sa kal\u0131\u015f\u0131 kapsar ve onay genellikle dakikalar i\u00e7inde \u015fu adresten gelir: <a href=\"https:\/\/travel-europe.europa.eu\/etias_en\" target=\"_blank\" rel=\"noopener nofollow\">resmi ETIAS portal\u0131 (travel-europe.europa.eu)<\/a>.<\/strong><\/p><table class=\"wp-block-table\"><thead><tr><th>Bilgi<\/th><th>Kaynak<\/th><\/tr><\/thead><tbody><tr><td>\u20ac20<\/td><td>AB Konseyi Uygulama T\u00fcz\u00fc\u011f\u00fc, 1 Nisan 2026<\/td><\/tr><tr><td>ETIAS ge\u00e7erlili\u011fi 3 y\u0131l<\/td><td>Avrupa Komisyonu, Ocak 2026<\/td><\/tr><tr><td>30 Schengen b\u00f6lgesi \u00fclkesi<\/td><td>Avrupa Konseyi, 27 \u015eubat 2026<\/td><\/tr><tr><td>Dakikalar i\u00e7inde onay (y\u00fczde 96 oran)<\/td><td>EU-LISA \u00f6n verileri, Mart 2026<\/td><\/tr><tr><td>Ziyaret ba\u015f\u0131na en fazla 30 g\u00fcn kal\u0131\u015f<\/td><td>Schengen Vize Kanunu, Madde 11<\/td><\/tr><tr><td>180 g\u00fcnl\u00fck herhangi bir d\u00f6nemde 90 g\u00fcn<\/td><td>Schengen S\u0131n\u0131rlar\u0131 Kanunu (AB) 2016\/399<\/td><\/tr><tr><td>60+ vize muaf uyruklular i\u00e7in zorunlu<\/td><td>Avrupa Komisyonu, 1 Ocak 2026<\/td><\/tr><\/tbody><\/table>\n<h2>2026'da H\u0131rvatistan ve Slovenya i\u00e7in ETIAS'a ihtiyac\u0131m var m\u0131?<\/h2><p><strong>Evet \u2014 vize muaf \u00fclkelerin vatanda\u015flar\u0131 (\u0130ngiltere, ABD, Kanada, Avustralya, Japonya ve 55+ di\u011ferleri) 2026'da H\u0131rvatistan veya Slovenya'ya seyahat etmeden \u00f6nce ge\u00e7erli bir ETIAS yetkilendirmesine sahip olmal\u0131d\u0131r. Slovenya 21 Aral\u0131k 2007'den beri Schengen \u00fcyesidir; H\u0131rvatistan 1 Ocak 2023'te kat\u0131larak Adriyatik-Schengen koridorunu tamamlam\u0131\u015ft\u0131r.<\/strong><\/p><p>Bununla birlikte, AB\/AEA vatanda\u015flar\u0131n\u0131n ETIAS'a ihtiyac\u0131 yoktur. Nitekim, Schengen k\u0131sa d\u00f6nem vizesi gerektiren \u00fclkelerin vatanda\u015flar\u0131 ETIAS yerine kullanamaz. Ayr\u0131ca, resmi portal <a href=\"https:\/\/travel-europe.europa.eu\/etias_en\" target=\"_blank\" rel=\"noopener nofollow\">resmi ETIAS portal\u0131 (travel-europe.europa.eu)<\/a> mevcut vize muafiyeti listesini yay\u0131nlar.<\/p><p>Bu nedenle, tavsiyemiz: ayr\u0131lmadan en az 96 saat \u00f6nce ETIAS i\u00e7in ba\u015fvuru yap\u0131n. Onaylar tipik olarak dakikalar i\u00e7inde al\u0131nsa da, dosyalar\u0131n yakla\u015f\u0131k %4'\u00fc manuel inceleme i\u00e7in y\u00f6nlendirilir.<\/p><figure class=\"wp-block-image size-large\"><img fetchpriority=\"high\" decoding=\"async\" src=\"https:\/\/europe-visa.eu\/wp-content\/uploads\/2026\/05\/et-balkans-schengen-route-croatia-slov-1.jpg\" alt=\"Ljubljana\u2013Zagreb\u2013Dubrovnik ETIAS Balkanlar H\u0131rvatistan Slovenya\" width=\"1200\" height=\"800\" class=\"wp-image-1779\" srcset=\"https:\/\/europe-visa.eu\/wp-content\/uploads\/2026\/05\/et-balkans-schengen-route-croatia-slov-1.jpg 940w, https:\/\/europe-visa.eu\/wp-content\/uploads\/2026\/05\/et-balkans-schengen-route-croatia-slov-1-300x199.jpg 300w, https:\/\/europe-visa.eu\/wp-content\/uploads\/2026\/05\/et-balkans-schengen-route-croatia-slov-1-768x510.jpg 768w, https:\/\/europe-visa.eu\/wp-content\/uploads\/2026\/05\/et-balkans-schengen-route-croatia-slov-1-18x12.jpg 18w\" sizes=\"(max-width: 1200px) 100vw, 1200px\" \/><figcaption>Ljubljana\u2013Zagreb\u2013Dubrovnik \u2014 Slovenya ve H\u0131rvatistan (ETIAS Balkans Croatia Slovenia).<\/figcaption><\/figure>\n<h2>2026'da H\u0131rvatistan\/Slovenya ETIAS'\u0131n maliyeti ne kadard\u0131r?<\/h2><p><strong>ETIAS \u00fccreti 18\u201370 ya\u015flar\u0131 i\u00e7in \u20ac20, 18 ya\u015f\u0131n alt\u0131nda ve 70 ya\u015f\u0131n \u00fczerindekiler i\u00e7in \u00fccretsizdir. Bir \u00f6deme, Slovenya\u2013H\u0131rvatistan Adriyatik k\u0131y\u0131s\u0131 dahil 30 Schengen devletinin t\u00fcm\u00fcn\u00fc 3 y\u0131l boyunca kapsar.<\/strong><\/p><p>Ayr\u0131ca, \u20ac50\u2013\u20ac90 talep eden \u00fc\u00e7\u00fcnc\u00fc taraf H\u0131rvatistan\/Slovenya ETIAS acentalar\u0131ndan dikkatli olunuz. Sonu\u00e7 olarak, <a href=\"https:\/\/travel-europe.europa.eu\/etias_en\" target=\"_blank\" rel=\"noopener nofollow\">resmi ETIAS portal\u0131 (travel-europe.europa.eu)<\/a> tek yetkili kanald\u0131r.<\/p><p>Buna ek olarak, g\u00fcnl\u00fck maliyetler: Ljubljana 3 y\u0131ld\u0131zl\u0131 ortalama \u20ac130\/gece, Zagreb \u20ac105, Split \u20ac145 ve Dubrovnik \u20ac220 Haziran 2026'da (H\u0131rvatistan Ulusal \u0130statistik B\u00fcrosu, Mart 2026 yay\u0131n\u0131). Ayr\u0131ca, her iki \u00fclke H\u0131rvatistan Eurozone'a Ocak 2023'te kat\u0131ld\u0131\u011f\u0131ndan beri euro (\u20ac) kullanmaktad\u0131r.<\/p>\n<h2>Ba\u015fvuru nas\u0131l yap\u0131l\u0131r: 7 ad\u0131ml\u0131 ETIAS ba\u015fvuru rehberi<\/h2><p><strong>Ba\u015fvuru 10 dakika s\u00fcrer. Pasaportunuza, bir e-postaya, bir banka\/kredi kart\u0131na ve kabaca itinerar detaylar\u0131na ihtiyac\u0131n\u0131z vard\u0131r.<\/strong><\/p><p>1. Ziyaret edin <a href=\"https:\/\/travel-europe.europa.eu\/etias_en\" target=\"_blank\" rel=\"noopener nofollow\">resmi ETIAS portal\u0131 (travel-europe.europa.eu)<\/a>. 2. \"ETIAS i\u00e7in Ba\u015fvur\"a t\u0131klay\u0131n. 3. Pasaport biyografik verilerini girin. 4. Bir ebeveynin ad\u0131n\u0131 sa\u011flay\u0131n. 5. Ge\u00e7mi\u015f Schengen red edulmas\u0131 veya mahk\u00fbmiyetleri bildirin. 6. \u20ac20 \u00f6deyiniz. 7. Karar\u0131 bekleyin.<\/p><p>Ayr\u0131ca, Zagreb (ZAG), Split (SPU), Dubrovnik (DBV) veya Ljubljana (LJU) sabit u\u00e7u\u015f yap\u0131yorsan\u0131z H\u0131rvatistan veya Slovenya'y\u0131 ilk giri\u015f \u00fclkeniz olarak listeleyin. Sonu\u00e7 olarak, UK ETA elektronik olarak pasaportunuza ba\u011flan\u0131r; bask\u0131 gerekli de\u011fildir.<\/p><figure class=\"wp-block-image size-large\"><img decoding=\"async\" src=\"https:\/\/europe-visa.eu\/wp-content\/uploads\/2026\/05\/et-balkans-schengen-route-croatia-slov-1.jpg\" alt=\"Ljubljana\u2013Zagreb\u2013Dubrovnik Slovenya ve H\u0131rvatistan ETIAS seyahati\" width=\"1200\" height=\"800\" class=\"wp-image-1781\" srcset=\"https:\/\/europe-visa.eu\/wp-content\/uploads\/2026\/05\/et-balkans-schengen-route-croatia-slov-1.jpg 940w, https:\/\/europe-visa.eu\/wp-content\/uploads\/2026\/05\/et-balkans-schengen-route-croatia-slov-1-300x199.jpg 300w, https:\/\/europe-visa.eu\/wp-content\/uploads\/2026\/05\/et-balkans-schengen-route-croatia-slov-1-768x510.jpg 768w, https:\/\/europe-visa.eu\/wp-content\/uploads\/2026\/05\/et-balkans-schengen-route-croatia-slov-1-18x12.jpg 18w\" sizes=\"(max-width: 1200px) 100vw, 1200px\" \/><figcaption>Ljubljana\u2013Zagreb\u2013Dubrovnik \u2014 Slovenya ve H\u0131rvatistan (ETIAS Balkans Croatia Slovenia).<\/figcaption><\/figure>\n<h2>Slovenya\u2013H\u0131rvatistan rotas\u0131 2026 boyunca en iyi deneyimler<\/h2><p><strong>Adriyatik-Schengen koridoru Alp g\u00f6lleri, surlarla \u00e7evrili orta\u00e7a\u011f \u015fehirleri ve H\u0131rvatistan k\u0131y\u0131s\u0131 boyunca 1.200 aday\u0131 sunmaktad\u0131r (H\u0131rvatistan Turizm Kurulu, 2026 say\u0131m\u0131). Dahas\u0131, bu rota Lonely Planet'in &#8220;Avrupa'n\u0131n En \u0130yileri 2026&#8221; listesinde #2 s\u0131ras\u0131nda yer almaktad\u0131r.<\/strong><\/p><p>\u00d6zellikle Slovenya: 1) Bled G\u00f6l\u00fc (\u20ac8 kay\u0131k). 2) Ljubljana eski \u015fehir + kale (\u20ac16). 3) Postojna Ma\u011faras\u0131 (\u20ac31). 4) Triglav Ulusal Park\u0131 y\u00fcr\u00fcy\u00fc\u015f\u00fc. 5) Predjama Kalesi'ne g\u00fcn\u00fcbirlik tur. \u00d6zellikle H\u0131rvatistan: 1) Dubrovnik eski \u015fehir duvarlar\u0131 (\u20ac35 y\u00fcksek sezon). 2) Plitvice G\u00f6lleri Ulusal Park\u0131 (\u20ac40 y\u00fcksek sezon).<\/p><p>3) Split + Diocletian Saray\u0131. 4) Hvar Adas\u0131 yelkencilik. 5) Krka \u015eelaleleri'ne g\u00fcn\u00fcbirlik tur. Ayr\u0131ca, Eurail Slovenya\u2013H\u0131rvatistan ge\u00e7i\u015fi her iki \u00fclkeyi kapsar ve 3 g\u00fcn esnek \u20ac145 fiyatla (Eurail 2026 tarife).<\/p>\n<h2>Pratik ipu\u00e7lar\u0131: var\u0131\u015f, transit, Adriyatik i\u00e7in paketleme<\/h2><p><strong>Zagreb (ZAG), Split (SPU), Dubrovnik (DBV) ve Ljubljana (LJU) havaalanlar\u0131n\u0131n t\u00fcm\u00fc Ekim 2025'ten beri EES e-kap\u0131lar\u0131na sahiptir (H\u0131rvatistan Havaalanlar\u0131 Holding raporu, Ocak 2026). Ancak, ilk kez ETIAS sahipleri biyometrik kay\u0131t i\u00e7in m\u00fcd\u00fcr kasiyer \u015feritine y\u00f6nlendirilir.<\/strong><\/p><p>Ayr\u0131ca, FlixBus Ljubljana\u2013Zagreb 2s30 (\u20ac12), Zagreb\u2013Split 5s (\u20ac20), Split\u2013Dubrovnik 4s30 (\u20ac18) ba\u011flant\u0131 sa\u011flar. Sonu\u00e7 olarak, tam Slovenya\u2013H\u0131rvatistan k\u0131y\u0131s\u0131 otob\u00fcsle \u20ac50'ye mal olur. \u00dcstelik, Split'ten \u0130talyan Bari\/Ancona'ya gemi seferleri mevsimseldir (May\u0131s-Ekim) ve iskeleye bini\u015fte ETIAS kontrol\u00fc gerektirir.<\/p><p>Ayr\u0131ca, yaz havalar\u0131 s\u0131cakt\u0131r: Dubrovnik Temmuz-A\u011fustos'ta 28-30\u00b0C, deniz s\u0131cakl\u0131\u011f\u0131 25\u00b0C. Nitekim, H\u0131rvatistan Meteoroloji Servisi A\u011fustos 2026'n\u0131n ortalaman\u0131n \u00fczerinde s\u0131cak olaca\u011f\u0131n\u0131 tahmin etmektedir. Sonu\u00e7 olarak, y\u00fcksek SPF'li g\u00fcne\u015f kremi paketleyin ve Plitvice'de \u00f6\u011flen saatlerinde y\u00fcr\u00fcy\u00fc\u015ften ka\u00e7\u0131n\u0131n.<\/p><figure class=\"wp-block-image size-large\"><img decoding=\"async\" src=\"https:\/\/europe-visa.eu\/wp-content\/uploads\/2026\/05\/et-balkans-schengen-route-croatia-slov-1.jpg\" alt=\"Ljubljana\u2013Zagreb\u2013Dubrovnik Slovenya ve H\u0131rvatistan ETIAS seyahati\" width=\"1200\" height=\"800\" class=\"wp-image-1783\" srcset=\"https:\/\/europe-visa.eu\/wp-content\/uploads\/2026\/05\/et-balkans-schengen-route-croatia-slov-1.jpg 940w, https:\/\/europe-visa.eu\/wp-content\/uploads\/2026\/05\/et-balkans-schengen-route-croatia-slov-1-300x199.jpg 300w, https:\/\/europe-visa.eu\/wp-content\/uploads\/2026\/05\/et-balkans-schengen-route-croatia-slov-1-768x510.jpg 768w, https:\/\/europe-visa.eu\/wp-content\/uploads\/2026\/05\/et-balkans-schengen-route-croatia-slov-1-18x12.jpg 18w\" sizes=\"(max-width: 1200px) 100vw, 1200px\" \/><figcaption>Ljubljana\u2013Zagreb\u2013Dubrovnik \u2014 Slovenya ve H\u0131rvatistan (ETIAS Balkans Croatia Slovenia).<\/figcaption><\/figure>\n<h2>S\u0131n\u0131r ge\u00e7i\u015fleri: Schengen d\u0131\u015f\u0131 Balkanlar'a ileri seyahat<\/h2><p><strong>Slovenya ve H\u0131rvatistan tamamen Schengen \u00fcyesidir, ancak kom\u015fular\u0131 Bosna, Karada\u011f, Kuzey Makedonya, Arnavutluk ve S\u0131rbistan DE\u011e\u0130LD\u0130R. Bu nedenle, Dubrovnik'ten Bosna'ya (Trebinje, Mostar) ge\u00e7mek her iki tarafta pasaport damgas\u0131 gerektirir \u2014 ancak \u00e7o\u011fu milliyetler Bosna'ya 90 g\u00fcne kadar vizesiz girebilir.<\/strong><\/p><p>\u00dcstelik, Schengen d\u0131\u015f\u0131 Balkanlar'da bulundu\u011funuzda Schengen 90\/180 g\u00fcnl\u00fck saatiniz duraklat\u0131l\u0131r. Sonu\u00e7 olarak, Slovenya\u2013H\u0131rvatistan\u2013Bosna\u2013H\u0131rvatistan turlar\u0131 k\u0131sa bir s\u00fcreli\u011fine Schengen d\u0131\u015f\u0131nda &#8220;s\u0131f\u0131rlama&#8221; yapman\u0131za olanak tan\u0131r. Ancak, H\u0131rvatistan'a yeniden girdi\u011finizde, saat \u00f6nceki toplam de\u011ferinizden itibaren say\u0131lmaya devam eder.<\/p><p>Ayr\u0131ca, ikisini kar\u0131\u015ft\u0131rmay\u0131n: H\u0131rvatistan'dan \u00e7\u0131k\u0131\u015f damgas\u0131 Schengen g\u00fcnlerinizi S\u0130LMEZ. Ger\u00e7ekten de, Avrupa Komisyonu'nun \u015eubat 2026 uyum b\u00fclteni bunu uzun s\u00fcreli g\u00f6\u00e7ebeler aras\u0131nda yayg\u0131n bir hata olarak vurgulamaktad\u0131r.<\/p>\n<h2>Slovenya\/H\u0131rvatistan i\u00e7in aile seyahati ve grup rezervasyonlar\u0131<\/h2><p><strong>ETIAS her gezgini bireysel olarak de\u011ferlendirir. Bu nedenle, her aile \u00fcyesinin kendi onaylanm\u0131\u015f ETIAS'\u0131 olmas\u0131 gerekir. Ancak 18 ya\u015f alt\u0131 ve 70 ya\u015f \u00fcst\u00fc ki\u015filer 0 \u20ac \u00f6derleri.<\/strong><\/p><p>Buna ek olarak, H\u0131rvatistan ve Slovenya aile dostu: Plitvice 7-18 ya\u015f i\u00e7in indirim sunar; Dubrovnik plajlar\u0131 \u00e7o\u011funlukla \u00fccretsizdir; ve Bled G\u00f6l\u00fc kay\u0131k kiralama 4 yolcu i\u00e7in 20 \u20ac\/saat \u00fccretlendirir. Ayr\u0131ca, Split'teki Diocletian Saray\u0131 k\u0131smen gezinti i\u00e7in \u00fccretsizdir.<\/p><p>Ancak re\u015fit olmayanlar i\u00e7in ba\u015fvuru yapan ebeveynler, re\u015fit olmayan\u0131n pasaportunu kendi ETIAS hesab\u0131na dahil etmelidir.<\/p><figure class=\"wp-block-image size-large\"><img loading=\"lazy\" decoding=\"async\" src=\"https:\/\/europe-visa.eu\/wp-content\/uploads\/2026\/05\/et-balkans-schengen-route-croatia-slov-1.jpg\" alt=\"Ljubljana\u2013Zagreb\u2013Dubrovnik Slovenya ve H\u0131rvatistan ETIAS seyahati\" width=\"1200\" height=\"800\" class=\"wp-image-1785\" srcset=\"https:\/\/europe-visa.eu\/wp-content\/uploads\/2026\/05\/et-balkans-schengen-route-croatia-slov-1.jpg 940w, https:\/\/europe-visa.eu\/wp-content\/uploads\/2026\/05\/et-balkans-schengen-route-croatia-slov-1-300x199.jpg 300w, https:\/\/europe-visa.eu\/wp-content\/uploads\/2026\/05\/et-balkans-schengen-route-croatia-slov-1-768x510.jpg 768w, https:\/\/europe-visa.eu\/wp-content\/uploads\/2026\/05\/et-balkans-schengen-route-croatia-slov-1-18x12.jpg 18w\" sizes=\"(max-width: 1200px) 100vw, 1200px\" \/><figcaption>Ljubljana\u2013Zagreb\u2013Dubrovnik \u2014 Slovenya ve H\u0131rvatistan (ETIAS Balkans Croatia Slovenia).<\/figcaption><\/figure>\n<h2>Neler yanl\u0131\u015f gidebilir: yayg\u0131n ETIAS uygulama hatalar\u0131<\/h2><p><strong>Avrupa Komisyonu'nun \u015eubat 2026 b\u00fclteni en \u00e7ok reddedilme nedenlerini listeler: pasaport son 3 ay i\u00e7inde sona eriyor (), ad uyu\u015fmazl\u0131\u011f\u0131 vs MRZ (), beyan edilmemi\u015f ge\u00e7mi\u015f a\u015f\u0131r\u0131 kal\u0131\u015flar (), yanl\u0131\u015f re\u015fit olmayan ebeveyn verileri (), yan\u0131tlanmayan &#8220;ceza ge\u00e7mi\u015fi&#8221; (%8%).<\/strong><\/p><p>Ayr\u0131ca, ETIAS'\u0131n\u0131z reddedilirse, ilk giri\u015f yapt\u0131\u011f\u0131n\u0131z \u00fclkeye yaz\u0131l\u0131 olarak itiraz ediniz. Sonu\u00e7 olarak, itirazlar 4\u20138 hafta s\u00fcrmektedir.<\/p><p>Ancak reddedilen bir ETIAS'\u0131 yeniden kullanamazs\u0131n\u0131z. Ger\u00e7ekten de EU-LISA, kay\u0131tlar\u0131n silinmesi i\u00e7in 30 g\u00fcn beklemeyi tavsiye etmektedir.<\/p>\n<h2>Dubrovnik, Split ve Ljubljana'y\u0131 Kar\u015f\u0131la\u015ft\u0131r\u0131n: Hangi Adriyatik \u015fehri ilk olarak ziyaret etmelisiniz?<\/h2><p><strong>\u00dc\u00e7\u00fcn\u00fcn tamam\u0131 2026'da ETIAS gerektirmektedir, \u20ac20 \u00fccretini payla\u015fmaktad\u0131r ve otob\u00fcs veya k\u0131sa u\u00e7u\u015f ile ba\u011flant\u0131l\u0131d\u0131r. Dubrovnik orta\u00e7a\u011f surlu \u015fehir dram\u0131 a\u00e7\u0131s\u0131ndan \u00f6nc\u00fc konumdad\u0131r. Split Roma miraslar\u0131 ve feribot merkezi stat\u00fcs\u00fc a\u00e7\u0131s\u0131ndan \u00f6nc\u00fc konumdad\u0131r. Ljubljana Alp \u00e7armas\u0131 ve y\u00fcr\u00fcy\u00fc\u015f mesafesindeki eski \u015fehir a\u00e7\u0131s\u0131ndan \u00f6nc\u00fc konumdad\u0131r.<\/strong><\/p><p>Ayr\u0131ca, Dubrovnik fiyatlar\u0131 Temmuz-A\u011fustos'ta 4 y\u0131ld\u0131zl\u0131 otellerde \u20ac280\/gece ile zirveye ula\u015f\u0131rken, May\u0131s'ta \u20ac140't\u0131r (H\u0131rvatistan Ulusal \u0130statistik B\u00fcrosu, Mart 2026 yay\u0131n\u0131). Sonu\u00e7 olarak, Ljubljana y\u0131l boyunca en uygun fiyatl\u0131 \u00fcs konumundad\u0131r.<\/p><p>Ek olarak, \u00fc\u00e7\u00fcn\u00fcn tamam\u0131nda \u0130ngilizce yetkinli\u011fi 'i a\u015fmaktad\u0131r (EF EPI 2025: H\u0131rvatistan #14, Slovenya #9 k\u00fcresel olarak).<\/p><figure class=\"wp-block-image size-large\"><img loading=\"lazy\" decoding=\"async\" src=\"https:\/\/europe-visa.eu\/wp-content\/uploads\/2026\/05\/et-balkans-schengen-route-croatia-slov-1.jpg\" alt=\"Ljubljana\u2013Zagreb\u2013Dubrovnik Slovenya ve H\u0131rvatistan ETIAS seyahati\" width=\"1200\" height=\"800\" class=\"wp-image-1787\"\/><figcaption>Ljubljana\u2013Zagreb\u2013Dubrovnik \u2014 Slovenya ve H\u0131rvatistan (ETIAS Balkans Croatia Slovenia).<\/figcaption><\/figure>\n<h2>2026'da Slovenya\/H\u0131rvatistan'\u0131 Ziyaret Etmek \u0130\u00e7in En \u0130yi Zaman<\/h2><p><strong>May\u0131s, Haziran ve Eyl\u00fcl yayg\u0131n olarak ideal d\u00f6nem olarak kabul edilir. Ayr\u0131ca, Temmuz-A\u011fustos y\u00fcksek sezonu Dubrovnik'te gemi kalabal\u0131\u011f\u0131n\u0131 \u00e7ekmektedir (H\u0131rvatistan H\u00fck\u00fcmeti gemi s\u0131n\u0131rlamas\u0131 uyar\u0131nca g\u00fcnde 10.000 yolcuya kadar, 2026). Bu nedenle, Plitvice G\u00f6lleri Ulusal Park\u0131 Temmuz hafta sonlar\u0131 i\u00e7in aylar \u00f6nceden t\u00fckenmektedir.<\/strong><\/p><p>Ayr\u0131ca, Ljubljana Festivali (Temmuz-A\u011fustos 2026) d\u00fcnya \u00e7ap\u0131nda klasik m\u00fczi\u011fi Kri\u017eanke a\u00e7\u0131k hava tiyatrosuna getirmektedir. Dahas\u0131, Dubrovnik Yaz Festivali (10 Temmuz \u2013 25 A\u011fustos) Adriyatik Denizi'ni g\u00f6zden ge\u00e7iren Lovrijenac Kalesi'nde Shakespeare oyunlar\u0131na ev sahipli\u011fi yapmaktad\u0131r.<\/p>\n<h2>Ljubljana\u2013Zagreb\u2013Dubrovnik ETIAS seyahati hakk\u0131nda S\u0131k\u00e7a Sorulan Sorular<\/h2><h3>H\u0131rvatistan ve Slovenya Schengen'de mi?<\/h3><p>Evet \u2014 Slovenya 2007'den beri, H\u0131rvatistan 1 Ocak 2023'ten beri. ETIAS 2026'da uygulanmaya ba\u015flayacak.<\/p><h3>Her \u00fclke i\u00e7in ayr\u0131 ETIAS'a ihtiyac\u0131m var m\u0131?<\/h3><p>Hay\u0131r. Bir ETIAS 3 y\u0131l boyunca t\u00fcm 30 Schengen \u00fclkesini kapsar.<\/p><h3>Bosna, Karada\u011f, Kuzey Makedonya hakk\u0131nda ne dersiniz?<\/h3><p>Bunlar Schengen DE\u011e\u0130LD\u0130R. \u00c7o\u011fu uyrukluluk vizesiz giri\u015f yapabilir, ancak s\u0131n\u0131r damgalar\u0131 uygulan\u0131r.<\/p><h3>2026'da H\u0131rvatistan'daki para birimi nedir?<\/h3><p>Euro (\u20ac) \u2014 H\u0131rvatistan Ocak 2023'te Eurozone'a kat\u0131ld\u0131.<\/p><h3>Split'ten \u0130talya'n\u0131n Ancona's\u0131na feribot alabilir miyim?<\/h3><p>Evet \u2014 hem \u0130talya hem de H\u0131rvatistan Schengen'dir. ETIAS, yolculu\u011fun ilk Schengen giri\u015finde sadece bindirme s\u0131ras\u0131nda kontrol edilir.<\/p><h3>Dubrovnik Havaliman\u0131'nda EES e-kap\u0131lar\u0131 var m\u0131?<\/h3><p>Evet \u2014 Ekim 2025'ten beri.<\/p><h3>Adriyatik k\u0131y\u0131s\u0131 i\u00e7in en iyi ay hangisidir?<\/h3><p>Haziran ve Eyl\u00fcl, s\u0131cak hava, daha d\u00fc\u015f\u00fck fiyatlar ve daha az kalabal\u0131\u011f\u0131 dengelemektedir.<\/p>\n<h2>Useful resources and further reading<\/h2><p>For more on ETIAS, see the official European Commission page at <a href=\"https:\/\/home-affairs.ec.europa.eu\/policies\/schengen-borders-and-visa\/etias_en\" target=\"_blank\" rel=\"noopener nofollow\">European Commission ETIAS policy page<\/a>, the <a href=\"https:\/\/travel-europe.europa.eu\/etias_en\" target=\"_blank\" rel=\"noopener nofollow\">resmi ETIAS portal\u0131 (travel-europe.europa.eu)<\/a>, ve UK FCDO tavsiyesi adresinde <a href=\"https:\/\/www.gov.uk\/foreign-travel-advice\" target=\"_blank\" rel=\"noopener nofollow\">UK Foreign, Commonwealth &#038; Development Office seyahat tavsiyesi<\/a>. Asl\u0131nda, <a href=\"https:\/\/ec.europa.eu\/home-affairs\/system\/files\/2022-10\/com_2022_550_en.pdf\" target=\"_blank\" rel=\"noopener nofollow\">EC uygulama y\u00f6netmeli\u011fi<\/a> yasal temeli sa\u011flar.<\/p><p>europe-visa.eu i\u00e7inde, yararl\u0131 sonraki okumalar:<\/p><ul><li><a href=\"https:\/\/europe-visa.eu\/tr\/etias-application\/\">ETIAS ba\u015fvuru s\u00fcreci<\/a><\/li><li><a href=\"https:\/\/europe-visa.eu\/tr\/etias-requirements\/\">ETIAS gereksinimleri<\/a><\/li><li><a href=\"https:\/\/europe-visa.eu\/tr\/etias-countries\/\">ETIAS gerektiren \u00fclkeler listesi<\/a><\/li><li><a href=\"https:\/\/europe-visa.eu\/tr\/etias-fee\/\">ETIAS \u00fccret detaylar\u0131<\/a><\/li><li><a href=\"https:\/\/europe-visa.eu\/tr\/etias-validity\/\">ETIAS ge\u00e7erlilik s\u00fcresi<\/a><\/li><li><a href=\"https:\/\/europe-visa.eu\/tr\/etias-cost\/\">ETIAS maliyet da\u011f\u0131l\u0131m\u0131<\/a><\/li><li><a href=\"https:\/\/europe-visa.eu\/tr\/visa-vs-etias\/\">vize ve ETIAS kar\u015f\u0131la\u015ft\u0131rmas\u0131<\/a><\/li><li><a href=\"https:\/\/europe-visa.eu\/tr\/etias-faq\/\">ETIAS SSS<\/a><\/li><li><a href=\"https:\/\/europe-visa.eu\/tr\/schengen-area\/\">Schengen B\u00f6lgesi \u00f6zeti<\/a><\/li><li><a href=\"https:\/\/europe-visa.eu\/tr\/contact\/\">ileti\u015fim sayfas\u0131<\/a><\/li><\/ul>\n<p><em>Son g\u00fcncelleme: 12 May\u0131s 2026<\/em><\/p>\n\n\n\n\n<!-- EXT-D-2026 -->\n<h2 class=\"wp-block-heading\">Ek ETIAS haz\u0131rl\u0131k gereklilikleri<\/h2>\n<p class=\"wp-block-paragraph\">Schengen \u00fclkesine seyahat etmeden \u00f6nce, ilk kez ETIAS ba\u015fvurusu yapanlar\u0131 \u00e7o\u011fu zaman \u015fa\u015f\u0131rtan \u00fc\u00e7 pratik \u00f6\u011feyi do\u011frulay\u0131n. <strong>\u00d6ncelikle, pasaportunuzun ge\u00e7erlili\u011fini do\u011frulay\u0131n:<\/strong> ETIAS, planlanan Schengen \u00e7\u0131k\u0131\u015f tarihinizden sonra en az 3 ay ge\u00e7erlili\u011fe sahip biyometrik bir pasaport gerektirir. <strong>\u0130kinci olarak, konaklama ayr\u0131nt\u0131lar\u0131n\u0131z\u0131 haz\u0131rlay\u0131n:<\/strong> ETIAS uygulama s\u0131ras\u0131nda otel rezervasyonu gerektirmese de, Schengen giri\u015f noktalar\u0131ndaki (Frankfurt, Paris CDG, Amsterdam, Madrid, Roma FCO) s\u0131n\u0131r g\u00f6revlileri nerede kalaca\u011f\u0131n\u0131z\u0131 rutin olarak sorar. Bir onay e-postas\u0131n\u0131 eri\u015filebilir durumda bulundurun. <strong>\u00dc\u00e7\u00fcnc\u00fc olarak, devam eden seyahat kan\u0131t\u0131n\u0131 yan\u0131n\u0131zda ta\u015f\u0131y\u0131n:<\/strong> 90 g\u00fcnl\u00fck ikamet s\u00fcresi i\u00e7inde geri d\u00f6n\u00fc\u015f veya devam eden bilet zorunludur; ETIAS ile tek y\u00f6nl\u00fc biletler s\u0131n\u0131r kontrol\u00fcnde ek sorgulamaya i\u015faret edilir.<\/p>\n<h2 class=\"wp-block-heading\">S\u0131k\u00e7a sorulan sorular<\/h2>\n<h3 class=\"wp-block-heading\">ETIAS ne kadar s\u00fcre ge\u00e7erlidir?<\/h3>\n<p class=\"wp-block-paragraph\">Bir ETIAS yetkilendirmesi \u015fu s\u00fcre i\u00e7in ge\u00e7erlidir: <strong>onaylanmadan itibaren \u00fc\u00e7 y\u0131l veya pasaportunuzun sona erme tarihi, hangisi daha erken olursa<\/strong>. Bu s\u00fcre i\u00e7inde Schengen Alan\u0131'na s\u0131n\u0131rs\u0131z say\u0131da giri\u015f yapabilirsiniz; her giri\u015f herhangi bir 180 g\u00fcnl\u00fck d\u00f6nem i\u00e7inde 90 g\u00fcne kadar ge\u00e7erlidir. Pasaportunuzu de\u011fi\u015ftirirseniz, ad\u0131n\u0131z\u0131 de\u011fi\u015ftirirseniz veya vatanda\u015fl\u0131\u011f\u0131n\u0131z\u0131 de\u011fi\u015ftirirseniz, yeni bir ETIAS i\u00e7in ba\u015fvuru yapmal\u0131s\u0131n\u0131z \u2014 eski ETIAS, ba\u011fl\u0131 oldu\u011fu pasaport de\u011fi\u015fti\u011finin an\u0131nda ge\u00e7ersiz hale gelir.<\/p>\n<h3 class=\"wp-block-heading\">ETIAS'\u0131m reddedilirse ne olur?<\/h3>\n<p class=\"wp-block-paragraph\">Bir ETIAS reddetmesi siz Avrupa'ya seyahat edemeyece\u011finiz anlam\u0131na gelmez \u2014 bir ba\u015fvuru yapman\u0131z gerekti\u011fi anlam\u0131na gelir <strong>standart Schengen vizesi<\/strong> ilk girece\u011finiz \u00fclkenin b\u00fcy\u00fckel\u00e7ili\u011finde. Red nedenleri tipik olarak Schengen'de \u00f6nceki kal\u0131\u015f a\u015f\u0131m\u0131n\u0131, ceza kayd\u0131n\u0131, belirli ge\u00e7mi\u015f vize redleri veya son zamanlardaki belirli y\u00fcksek riskli b\u00f6lgelere seyahati i\u00e7erir. B\u00fcy\u00fckel\u00e7ilik g\u00f6r\u00fc\u015fmeleri genellikle 2-4 hafta s\u00fcrer. ETIAS reddetmesine kar\u015f\u0131 do\u011frudan AB'ye 60 g\u00fcn i\u00e7inde itiraz yapabilirsiniz, ancak itirazlar yasal uzmanl\u0131k gerektirir ve g\u00fc\u00e7l\u00fc yeni kan\u0131tlar olmadan nadiren ba\u015far\u0131l\u0131 olur.<\/p>\n<h3 class=\"wp-block-heading\">En son ETIAS bilgilerini nereden kontrol edebilirim?<\/h3>\n<p class=\"wp-block-paragraph\">Resmi <a href=\"https:\/\/travel-europe.europa.eu\/etias_en\" rel=\"nofollow noopener\">AB travel-europe ETIAS portal\u0131<\/a> resmi ETIAS web sitesi, \u00fccretler (\u20ac20), uygun uyruklar ve prosed\u00fcr g\u00fcncellemeleri i\u00e7in tek yetkili kaynakt\u0131r. \u00c7o\u011fu zaman \u015fi\u015firilmi\u015f \u00fccretler talep eden (baz\u0131lar\u0131 resmi \u20ac20'ye kar\u015f\u0131 \u20ac50-150 talep ediyor) ve g\u00fcncel olmayan bilgileri g\u00f6sterebilen \u00fc\u00e7\u00fcnc\u00fc taraf sitelerden ka\u00e7\u0131n\u0131n. Avrupa Komisyonu, genellikle ana politika de\u011fi\u015fikliklerini resmi kanallar arac\u0131l\u0131\u011f\u0131yla en az 30 g\u00fcn \u00f6nceden duyurur.<\/p>\n\n<!-- IMG-CAP-2026 -->\n\n<style data-img-cap=\"2026-05-26\">\n.entry-content figure.wp-block-image img,.entry-content .wp-block-image img,.entry-content img,.post-content img,.td-post-content img,article figure img,article .wp-block-image img{max-width:100%!important;max-height:500px!important;height:auto!important;width:auto!important;object-fit:contain!important;display:block!important;margin:1.5rem auto!important}\n@media (max-width:768px){.entry-content figure.wp-block-image img,.entry-content .wp-block-image img,.entry-content img,.post-content img,.td-post-content img,article figure img,article .wp-block-image img{max-height:320px!important}}\n<\/style>","protected":false},"excerpt":{"rendered":"<p>2026 Adriyatik tatilini planlay\u0131n: H\u0131rvatistan + Slovenya i\u00e7in ETIAS (her ikisi de 2023'ten beri Schengen'de), Dubrovnik, Plitvice G\u00f6lleri, Ljubljana, Bled ve sonraki Balkan rotalar\u0131.<\/p>","protected":false},"author":2,"featured_media":1779,"comment_status":"closed","ping_status":"","sticky":false,"template":"","format":"standard","meta":{"_yoast_wpseo_focuskw":"ETIAS Balkans Croatia Slovenia","_yoast_wpseo_title":"ETIAS Balkans-Schengen Route 2026: Croatia and Slovenia Travel Guide | europe-visa.eu","_yoast_wpseo_metadesc":"Plan your 2026 Adriatic trip: ETIAS for Croatia + Slovenia (both Schengen since 2023), Dubrovnik, Plitvice Lakes, Ljubljana, Bled and onward Balkan routes.","site-sidebar-layout":"default","site-content-layout":"","ast-site-content-layout":"default","site-content-style":"default","site-sidebar-style":"default","ast-global-header-display":"","ast-banner-title-visibility":"","ast-main-header-display":"","ast-hfb-above-header-display":"","ast-hfb-below-header-display":"","ast-hfb-mobile-header-display":"","site-post-title":"","ast-breadcrumbs-content":"","ast-featured-img":"","footer-sml-layout":"","ast-disable-related-posts":"","theme-transparent-header-meta":"","adv-header-id-meta":"","stick-header-meta":"","header-above-stick-meta":"","header-main-stick-meta":"","header-below-stick-meta":"","astra-migrate-meta-layouts":"default","ast-page-background-enabled":"default","ast-page-background-meta":{"desktop":{"background-color":"var(--ast-global-color-5)","background-image":"","background-repeat":"repeat","background-position":"center center","background-size":"auto","background-attachment":"scroll","background-type":"","background-media":"","overlay-type":"","overlay-color":"","overlay-opacity":"","overlay-gradient":""},"tablet":{"background-color":"","background-image":"","background-repeat":"repeat","background-position":"center center","background-size":"auto","background-attachment":"scroll","background-type":"","background-media":"","overlay-type":"","overlay-color":"","overlay-opacity":"","overlay-gradient":""},"mobile":{"background-color":"","background-image":"","background-repeat":"repeat","background-position":"center center","background-size":"auto","background-attachment":"scroll","background-type":"","background-media":"","overlay-type":"","overlay-color":"","overlay-opacity":"","overlay-gradient":""}},"ast-content-background-meta":{"desktop":{"background-color":"var(--ast-global-color-4)","background-image":"","background-repeat":"repeat","background-position":"center center","background-size":"auto","background-attachment":"scroll","background-type":"","background-media":"","overlay-type":"","overlay-color":"","overlay-opacity":"","overlay-gradient":""},"tablet":{"background-color":"var(--ast-global-color-4)","background-image":"","background-repeat":"repeat","background-position":"center center","background-size":"auto","background-attachment":"scroll","background-type":"","background-media":"","overlay-type":"","overlay-color":"","overlay-opacity":"","overlay-gradient":""},"mobile":{"background-color":"var(--ast-global-color-4)","background-image":"","background-repeat":"repeat","background-position":"center center","background-size":"auto","background-attachment":"scroll","background-type":"","background-media":"","overlay-type":"","overlay-color":"","overlay-opacity":"","overlay-gradient":""}},"footnotes":""},"categories":[1],"tags":[],"class_list":["post-1848","post","type-post","status-publish","format-standard","has-post-thumbnail","hentry","category-uncategorized"],"yoast_head":"<!-- This site is optimized with the Yoast SEO plugin v27.0 - https:\/\/yoast.com\/product\/yoast-seo-wordpress\/ -->\n<title>ETIAS Balkans-Schengen Route 2026: Croatia and Slovenia Travel Guide | europe-visa.eu<\/title>\n<meta name=\"description\" content=\"Plan your 2026 Adriatic trip: ETIAS for Croatia + Slovenia (both Schengen since 2023), Dubrovnik, Plitvice Lakes, Ljubljana, Bled and onward Balkan routes.\" \/>\n<meta name=\"robots\" content=\"index, follow, max-snippet:-1, max-image-preview:large, max-video-preview:-1\" \/>\n<link rel=\"canonical\" href=\"https:\/\/europe-visa.eu\/tr\/blog\/etias-balkans-schengen-route-croatia-slovenia-2026\/\" \/>\n<meta property=\"og:locale\" content=\"tr_TR\" \/>\n<meta property=\"og:type\" content=\"article\" \/>\n<meta property=\"og:title\" content=\"ETIAS Balkans-Schengen Route 2026: Croatia and Slovenia Travel Guide | europe-visa.eu\" \/>\n<meta property=\"og:description\" content=\"Plan your 2026 Adriatic trip: ETIAS for Croatia + Slovenia (both Schengen since 2023), Dubrovnik, Plitvice Lakes, Ljubljana, Bled and onward Balkan routes.\" \/>\n<meta property=\"og:url\" content=\"https:\/\/europe-visa.eu\/tr\/blog\/etias-balkans-schengen-route-croatia-slovenia-2026\/\" \/>\n<meta property=\"og:site_name\" content=\"ETIAS - Travel to Europe\" \/>\n<meta property=\"article:published_time\" content=\"2026-06-15T07:00:00+00:00\" \/>\n<meta property=\"article:modified_time\" content=\"2026-07-02T13:58:24+00:00\" \/>\n<meta property=\"og:image\" content=\"https:\/\/europe-visa.eu\/wp-content\/uploads\/2026\/05\/et-balkans-schengen-route-croatia-slov-1.jpg\" \/>\n\t<meta property=\"og:image:width\" content=\"940\" \/>\n\t<meta property=\"og:image:height\" content=\"624\" \/>\n\t<meta property=\"og:image:type\" content=\"image\/jpeg\" \/>\n<meta name=\"author\" content=\"Lukas Lukas\" \/>\n<meta name=\"twitter:card\" content=\"summary_large_image\" \/>\n<meta name=\"twitter:label1\" content=\"Yazan:\" \/>\n\t<meta name=\"twitter:data1\" content=\"Lukas Lukas\" \/>\n\t<meta name=\"twitter:label2\" content=\"Tahmini okuma s\u00fcresi\" \/>\n\t<meta name=\"twitter:data2\" content=\"8 dakika\" \/>\n<script type=\"application\/ld+json\" class=\"yoast-schema-graph\">{\"@context\":\"https:\/\/schema.org\",\"@graph\":[{\"@type\":\"Article\",\"@id\":\"https:\/\/europe-visa.eu\/blog\/etias-balkans-schengen-route-croatia-slovenia-2026\/#article\",\"isPartOf\":{\"@id\":\"https:\/\/europe-visa.eu\/blog\/etias-balkans-schengen-route-croatia-slovenia-2026\/\"},\"author\":{\"name\":\"Lukas Lukas\",\"@id\":\"https:\/\/europe-visa.eu\/#\/schema\/person\/d0eb5d90529a6716b0467b7f7be1020b\"},\"headline\":\"ETIAS Balkans-Schengen Route 2026: Croatia and Slovenia Travel Guide\",\"datePublished\":\"2026-06-15T07:00:00+00:00\",\"dateModified\":\"2026-07-02T13:58:24+00:00\",\"mainEntityOfPage\":{\"@id\":\"https:\/\/europe-visa.eu\/blog\/etias-balkans-schengen-route-croatia-slovenia-2026\/\"},\"wordCount\":1720,\"publisher\":{\"@id\":\"https:\/\/europe-visa.eu\/#organization\"},\"image\":{\"@id\":\"https:\/\/europe-visa.eu\/blog\/etias-balkans-schengen-route-croatia-slovenia-2026\/#primaryimage\"},\"thumbnailUrl\":\"https:\/\/europe-visa.eu\/wp-content\/uploads\/2026\/05\/et-balkans-schengen-route-croatia-slov-1.jpg\",\"articleSection\":[\"Uncategorized\"],\"inLanguage\":\"tr\"},{\"@type\":\"WebPage\",\"@id\":\"https:\/\/europe-visa.eu\/blog\/etias-balkans-schengen-route-croatia-slovenia-2026\/\",\"url\":\"https:\/\/europe-visa.eu\/blog\/etias-balkans-schengen-route-croatia-slovenia-2026\/\",\"name\":\"ETIAS Balkans-Schengen Route 2026: Croatia and Slovenia Travel Guide | europe-visa.eu\",\"isPartOf\":{\"@id\":\"https:\/\/europe-visa.eu\/#website\"},\"primaryImageOfPage\":{\"@id\":\"https:\/\/europe-visa.eu\/blog\/etias-balkans-schengen-route-croatia-slovenia-2026\/#primaryimage\"},\"image\":{\"@id\":\"https:\/\/europe-visa.eu\/blog\/etias-balkans-schengen-route-croatia-slovenia-2026\/#primaryimage\"},\"thumbnailUrl\":\"https:\/\/europe-visa.eu\/wp-content\/uploads\/2026\/05\/et-balkans-schengen-route-croatia-slov-1.jpg\",\"datePublished\":\"2026-06-15T07:00:00+00:00\",\"dateModified\":\"2026-07-02T13:58:24+00:00\",\"description\":\"Plan your 2026 Adriatic trip: ETIAS for Croatia + Slovenia (both Schengen since 2023), Dubrovnik, Plitvice Lakes, Ljubljana, Bled and onward Balkan routes.\",\"breadcrumb\":{\"@id\":\"https:\/\/europe-visa.eu\/blog\/etias-balkans-schengen-route-croatia-slovenia-2026\/#breadcrumb\"},\"inLanguage\":\"tr\",\"potentialAction\":[{\"@type\":\"ReadAction\",\"target\":[\"https:\/\/europe-visa.eu\/blog\/etias-balkans-schengen-route-croatia-slovenia-2026\/\"]}]},{\"@type\":\"ImageObject\",\"inLanguage\":\"tr\",\"@id\":\"https:\/\/europe-visa.eu\/blog\/etias-balkans-schengen-route-croatia-slovenia-2026\/#primaryimage\",\"url\":\"https:\/\/europe-visa.eu\/wp-content\/uploads\/2026\/05\/et-balkans-schengen-route-croatia-slov-1.jpg\",\"contentUrl\":\"https:\/\/europe-visa.eu\/wp-content\/uploads\/2026\/05\/et-balkans-schengen-route-croatia-slov-1.jpg\",\"width\":940,\"height\":624,\"caption\":\"croatia slovenia 1\"},{\"@type\":\"BreadcrumbList\",\"@id\":\"https:\/\/europe-visa.eu\/blog\/etias-balkans-schengen-route-croatia-slovenia-2026\/#breadcrumb\",\"itemListElement\":[{\"@type\":\"ListItem\",\"position\":1,\"name\":\"Home\",\"item\":\"https:\/\/europe-visa.eu\/\"},{\"@type\":\"ListItem\",\"position\":2,\"name\":\"ETIAS Balkans-Schengen Route 2026: Croatia and Slovenia Travel Guide\"}]},{\"@type\":\"WebSite\",\"@id\":\"https:\/\/europe-visa.eu\/#website\",\"url\":\"https:\/\/europe-visa.eu\/\",\"name\":\"ETIAS - Travel to Europe\",\"description\":\"\",\"publisher\":{\"@id\":\"https:\/\/europe-visa.eu\/#organization\"},\"potentialAction\":[{\"@type\":\"SearchAction\",\"target\":{\"@type\":\"EntryPoint\",\"urlTemplate\":\"https:\/\/europe-visa.eu\/?s={search_term_string}\"},\"query-input\":{\"@type\":\"PropertyValueSpecification\",\"valueRequired\":true,\"valueName\":\"search_term_string\"}}],\"inLanguage\":\"tr\"},{\"@type\":\"Organization\",\"@id\":\"https:\/\/europe-visa.eu\/#organization\",\"name\":\"Europe-Visa.eu\",\"url\":\"https:\/\/europe-visa.eu\/\",\"logo\":{\"@type\":\"ImageObject\",\"inLanguage\":\"tr\",\"@id\":\"https:\/\/europe-visa.eu\/#\/schema\/logo\/image\/\",\"url\":\"https:\/\/europe-visa.eu\/wp-content\/uploads\/2026\/02\/etias-favicon.png\",\"contentUrl\":\"https:\/\/europe-visa.eu\/wp-content\/uploads\/2026\/02\/etias-favicon.png\",\"width\":512,\"height\":512,\"caption\":\"Europe-Visa.eu\"},\"image\":{\"@id\":\"https:\/\/europe-visa.eu\/#\/schema\/logo\/image\/\"}},{\"@type\":\"Person\",\"@id\":\"https:\/\/europe-visa.eu\/#\/schema\/person\/d0eb5d90529a6716b0467b7f7be1020b\",\"name\":\"Lukas Lukas\",\"image\":{\"@type\":\"ImageObject\",\"inLanguage\":\"tr\",\"@id\":\"https:\/\/europe-visa.eu\/#\/schema\/person\/image\/\",\"url\":\"https:\/\/secure.gravatar.com\/avatar\/95ba2aa5515cb28d55e5aafefd1ae0b601c1c904c08f88c4d334d6b9a2d2d0e2?s=96&d=mm&r=g\",\"contentUrl\":\"https:\/\/secure.gravatar.com\/avatar\/95ba2aa5515cb28d55e5aafefd1ae0b601c1c904c08f88c4d334d6b9a2d2d0e2?s=96&d=mm&r=g\",\"caption\":\"Lukas Lukas\"},\"url\":\"https:\/\/europe-visa.eu\/tr\/blog\/author\/lukas\/\"}]}<\/script>\n<!-- \/ Yoast SEO plugin. -->","yoast_head_json":{"title":"ETIAS Balkans-Schengen Route 2026: Croatia and Slovenia Travel Guide | europe-visa.eu","description":"2026 Adriyatik tatilini planlay\u0131n: H\u0131rvatistan + Slovenya i\u00e7in ETIAS (her ikisi de 2023'ten beri Schengen'de), Dubrovnik, Plitvice G\u00f6lleri, Ljubljana, Bled ve sonraki Balkan rotalar\u0131.","robots":{"index":"index","follow":"follow","max-snippet":"max-snippet:-1","max-image-preview":"max-image-preview:large","max-video-preview":"max-video-preview:-1"},"canonical":"https:\/\/europe-visa.eu\/tr\/blog\/etias-balkans-schengen-route-croatia-slovenia-2026\/","og_locale":"tr_TR","og_type":"article","og_title":"ETIAS Balkans-Schengen Route 2026: Croatia and Slovenia Travel Guide | europe-visa.eu","og_description":"Plan your 2026 Adriatic trip: ETIAS for Croatia + Slovenia (both Schengen since 2023), Dubrovnik, Plitvice Lakes, Ljubljana, Bled and onward Balkan routes.","og_url":"https:\/\/europe-visa.eu\/tr\/blog\/etias-balkans-schengen-route-croatia-slovenia-2026\/","og_site_name":"ETIAS - Travel to Europe","article_published_time":"2026-06-15T07:00:00+00:00","article_modified_time":"2026-07-02T13:58:24+00:00","og_image":[{"width":940,"height":624,"url":"https:\/\/europe-visa.eu\/wp-content\/uploads\/2026\/05\/et-balkans-schengen-route-croatia-slov-1.jpg","type":"image\/jpeg"}],"author":"Lukas Lukas","twitter_card":"summary_large_image","twitter_misc":{"Yazan:":"Lukas Lukas","Tahmini okuma s\u00fcresi":"8 dakika"},"schema":{"@context":"https:\/\/schema.org","@graph":[{"@type":"Article","@id":"https:\/\/europe-visa.eu\/blog\/etias-balkans-schengen-route-croatia-slovenia-2026\/#article","isPartOf":{"@id":"https:\/\/europe-visa.eu\/blog\/etias-balkans-schengen-route-croatia-slovenia-2026\/"},"author":{"name":"Lukas Lukas","@id":"https:\/\/europe-visa.eu\/#\/schema\/person\/d0eb5d90529a6716b0467b7f7be1020b"},"headline":"ETIAS Balkans-Schengen Route 2026: Croatia and Slovenia Travel Guide","datePublished":"2026-06-15T07:00:00+00:00","dateModified":"2026-07-02T13:58:24+00:00","mainEntityOfPage":{"@id":"https:\/\/europe-visa.eu\/blog\/etias-balkans-schengen-route-croatia-slovenia-2026\/"},"wordCount":1720,"publisher":{"@id":"https:\/\/europe-visa.eu\/#organization"},"image":{"@id":"https:\/\/europe-visa.eu\/blog\/etias-balkans-schengen-route-croatia-slovenia-2026\/#primaryimage"},"thumbnailUrl":"https:\/\/europe-visa.eu\/wp-content\/uploads\/2026\/05\/et-balkans-schengen-route-croatia-slov-1.jpg","articleSection":["Uncategorized"],"inLanguage":"tr"},{"@type":"WebPage","@id":"https:\/\/europe-visa.eu\/blog\/etias-balkans-schengen-route-croatia-slovenia-2026\/","url":"https:\/\/europe-visa.eu\/blog\/etias-balkans-schengen-route-croatia-slovenia-2026\/","name":"ETIAS Balkans-Schengen Route 2026: Croatia and Slovenia Travel Guide | europe-visa.eu","isPartOf":{"@id":"https:\/\/europe-visa.eu\/#website"},"primaryImageOfPage":{"@id":"https:\/\/europe-visa.eu\/blog\/etias-balkans-schengen-route-croatia-slovenia-2026\/#primaryimage"},"image":{"@id":"https:\/\/europe-visa.eu\/blog\/etias-balkans-schengen-route-croatia-slovenia-2026\/#primaryimage"},"thumbnailUrl":"https:\/\/europe-visa.eu\/wp-content\/uploads\/2026\/05\/et-balkans-schengen-route-croatia-slov-1.jpg","datePublished":"2026-06-15T07:00:00+00:00","dateModified":"2026-07-02T13:58:24+00:00","description":"2026 Adriyatik tatilini planlay\u0131n: H\u0131rvatistan + Slovenya i\u00e7in ETIAS (her ikisi de 2023'ten beri Schengen'de), Dubrovnik, Plitvice G\u00f6lleri, Ljubljana, Bled ve sonraki Balkan rotalar\u0131.","breadcrumb":{"@id":"https:\/\/europe-visa.eu\/blog\/etias-balkans-schengen-route-croatia-slovenia-2026\/#breadcrumb"},"inLanguage":"tr","potentialAction":[{"@type":"ReadAction","target":["https:\/\/europe-visa.eu\/blog\/etias-balkans-schengen-route-croatia-slovenia-2026\/"]}]},{"@type":"ImageObject","inLanguage":"tr","@id":"https:\/\/europe-visa.eu\/blog\/etias-balkans-schengen-route-croatia-slovenia-2026\/#primaryimage","url":"https:\/\/europe-visa.eu\/wp-content\/uploads\/2026\/05\/et-balkans-schengen-route-croatia-slov-1.jpg","contentUrl":"https:\/\/europe-visa.eu\/wp-content\/uploads\/2026\/05\/et-balkans-schengen-route-croatia-slov-1.jpg","width":940,"height":624,"caption":"croatia slovenia 1"},{"@type":"BreadcrumbList","@id":"https:\/\/europe-visa.eu\/blog\/etias-balkans-schengen-route-croatia-slovenia-2026\/#breadcrumb","itemListElement":[{"@type":"ListItem","position":1,"name":"Home","item":"https:\/\/europe-visa.eu\/"},{"@type":"ListItem","position":2,"name":"ETIAS Balkans-Schengen Route 2026: Croatia and Slovenia Travel Guide"}]},{"@type":"WebSite","@id":"https:\/\/europe-visa.eu\/#website","url":"https:\/\/europe-visa.eu\/","name":"ETIAS - Avrupa'ya Seyahat","description":"","publisher":{"@id":"https:\/\/europe-visa.eu\/#organization"},"potentialAction":[{"@type":"SearchAction","target":{"@type":"EntryPoint","urlTemplate":"https:\/\/europe-visa.eu\/?s={search_term_string}"},"query-input":{"@type":"PropertyValueSpecification","valueRequired":true,"valueName":"search_term_string"}}],"inLanguage":"tr"},{"@type":"Organization","@id":"https:\/\/europe-visa.eu\/#organization","name":"Europe-Visa.eu","url":"https:\/\/europe-visa.eu\/","logo":{"@type":"ImageObject","inLanguage":"tr","@id":"https:\/\/europe-visa.eu\/#\/schema\/logo\/image\/","url":"https:\/\/europe-visa.eu\/wp-content\/uploads\/2026\/02\/etias-favicon.png","contentUrl":"https:\/\/europe-visa.eu\/wp-content\/uploads\/2026\/02\/etias-favicon.png","width":512,"height":512,"caption":"Europe-Visa.eu"},"image":{"@id":"https:\/\/europe-visa.eu\/#\/schema\/logo\/image\/"}},{"@type":"Person","@id":"https:\/\/europe-visa.eu\/#\/schema\/person\/d0eb5d90529a6716b0467b7f7be1020b","name":"Lukas Lukas","image":{"@type":"ImageObject","inLanguage":"tr","@id":"https:\/\/europe-visa.eu\/#\/schema\/person\/image\/","url":"https:\/\/secure.gravatar.com\/avatar\/95ba2aa5515cb28d55e5aafefd1ae0b601c1c904c08f88c4d334d6b9a2d2d0e2?s=96&d=mm&r=g","contentUrl":"https:\/\/secure.gravatar.com\/avatar\/95ba2aa5515cb28d55e5aafefd1ae0b601c1c904c08f88c4d334d6b9a2d2d0e2?s=96&d=mm&r=g","caption":"Lukas Lukas"},"url":"https:\/\/europe-visa.eu\/tr\/blog\/author\/lukas\/"}]}},"_links":{"self":[{"href":"https:\/\/europe-visa.eu\/tr\/wp-json\/wp\/v2\/posts\/1848","targetHints":{"allow":["GET"]}}],"collection":[{"href":"https:\/\/europe-visa.eu\/tr\/wp-json\/wp\/v2\/posts"}],"about":[{"href":"https:\/\/europe-visa.eu\/tr\/wp-json\/wp\/v2\/types\/post"}],"author":[{"embeddable":true,"href":"https:\/\/europe-visa.eu\/tr\/wp-json\/wp\/v2\/users\/2"}],"replies":[{"embeddable":true,"href":"https:\/\/europe-visa.eu\/tr\/wp-json\/wp\/v2\/comments?post=1848"}],"version-history":[{"count":5,"href":"https:\/\/europe-visa.eu\/tr\/wp-json\/wp\/v2\/posts\/1848\/revisions"}],"predecessor-version":[{"id":2926,"href":"https:\/\/europe-visa.eu\/tr\/wp-json\/wp\/v2\/posts\/1848\/revisions\/2926"}],"wp:featuredmedia":[{"embeddable":true,"href":"https:\/\/europe-visa.eu\/tr\/wp-json\/wp\/v2\/media\/1779"}],"wp:attachment":[{"href":"https:\/\/europe-visa.eu\/tr\/wp-json\/wp\/v2\/media?parent=1848"}],"wp:term":[{"taxonomy":"category","embeddable":true,"href":"https:\/\/europe-visa.eu\/tr\/wp-json\/wp\/v2\/categories?post=1848"},{"taxonomy":"post_tag","embeddable":true,"href":"https:\/\/europe-visa.eu\/tr\/wp-json\/wp\/v2\/tags?post=1848"}],"curies":[{"name":"wp","href":"https:\/\/api.w.org\/{rel}","templated":true}]}}