{"id":418,"date":"2026-03-13T20:00:00","date_gmt":"2026-03-13T20:00:00","guid":{"rendered":"https:\/\/europe-visa.eu\/?p=418"},"modified":"2026-05-29T10:58:59","modified_gmt":"2026-05-29T10:58:59","slug":"europe-packing-checklist-etias","status":"publish","type":"post","link":"https:\/\/europe-visa.eu\/tr\/blog\/europe-packing-checklist-etias\/","title":{"rendered":"Avrupa Packing Kontrol\u00fc 2026: Neler Getirin + UK ETA Belgeleri"},"content":{"rendered":"<p>Avrupa'ya yap\u0131lacak bir seyahat i\u00e7in bagaj\u0131n\u0131z\u0131 y\u00f6netilebilir tutarken ihtiyac\u0131n\u0131z olan her \u015feye sahip oldu\u011funuzdan emin olmak i\u00e7in dikkatli planlama yapman\u0131z gerekir. Yunanistan'\u0131n plajlar\u0131na, Fransa'n\u0131n \u015fehirlerine veya \u0130svi\u00e7re'nin da\u011flar\u0131na gitseniz de, kapsaml\u0131 bir bagaj kontrol listesi size zaman, para ve stresi tasarrufu sa\u011flayacakt\u0131r. Giyim ve banyo \u00fcr\u00fcnlerinin \u00f6tesinde, 2026 seyahat\u00e7\u0131lar\u0131 ayr\u0131ca ge\u00e7erli bir pasaport, onayl\u0131 UK ETA yetkilendirmesi ve <a href=\"https:\/\/europe-visa.eu\/tr\/etias-travel-insurance-europe\/\">seyahat sigortas\u0131<\/a> dok\u00fcmantasyon<\/p>\n<div style=\"background:#e8f4fd;border-left:4px solid #1a73e8;padding:15px 20px;margin:20px 0;\">\n<h3 style=\"margin-top:0;color:#1a73e8;\">Temel \u00c7\u0131kar\u0131mlar<\/h3>\n<ul>\n<li>Sizin <strong>en \u00f6nemli belgeler<\/strong> pasaportunuz (seyahatinizden 3+ ay sonra ge\u00e7erli), onayl\u0131 ETIAS (\u20ac20) ve <a href=\"\/tr\/blog\/etias-travel-insurance-europe\/\">seyahat sigortas\u0131<\/a><\/li>\n<li>ETIAS <strong>pasaportunuza dijital olarak ba\u011fl\u0131<\/strong> \u2014 bas\u0131l\u0131 belge gerekli de\u011fil, ancak onay e-postan\u0131z\u0131 kaydedin<\/li>\n<li>Avrupa kullan\u0131r <strong>C\/F tipi g\u00fc\u00e7 prizleri (230V)<\/strong> \u2014 evrensel bir adapt\u00f6r getirin<\/li>\n<li><strong>Sadece el bagaj\u0131 ile seyahat<\/strong> Avrupa'da b\u00fct\u00e7e havayollar\u0131 ve s\u0131k tren de\u011fi\u015fiklikleri ile olduk\u00e7a pratiktir<\/li>\n<li>Paketleyin <strong>katmanlar<\/strong> mevsimden ba\u011f\u0131ms\u0131z olarak \u2014 Avrupa hava durumu h\u0131zla de\u011fi\u015febilir<\/li>\n<\/ul>\n<\/div>\n<h2>Temel Seyahat Belgeleri Kontrol Listesi<\/h2>\n<p>Tek bir k\u0131yafet par\u00e7as\u0131n\u0131 paketlemeden \u00f6nce, bu kritik belgelerin d\u00fczende oldu\u011fundan emin olun. Sadece bir tanesinin eksik olmas\u0131 bile u\u00e7a\u011fa binmenizi veya Avrupa'ya girmenizi engelleyebilir.<\/p>\n<figure class=\"wp-block-image size-large\"><img loading=\"lazy\" decoding=\"async\" src=\"https:\/\/europe-visa.eu\/wp-content\/uploads\/2026\/03\/laptop-credit-card-1-1024x538.jpg\" alt=\"ETIAS seyahati haz\u0131rl\u0131\u011f\u0131 ve bagaj paketlemesi i\u00e7in diz\u00fcst\u00fc bilgisayar ve gerekli e\u015fyalar\" class=\"wp-image-244\" width=\"1024\" height=\"538\" srcset=\"https:\/\/europe-visa.eu\/wp-content\/uploads\/2026\/03\/laptop-credit-card-1-1024x538.jpg 1024w, https:\/\/europe-visa.eu\/wp-content\/uploads\/2026\/03\/laptop-credit-card-1-300x158.jpg 300w, https:\/\/europe-visa.eu\/wp-content\/uploads\/2026\/03\/laptop-credit-card-1-768x403.jpg 768w, https:\/\/europe-visa.eu\/wp-content\/uploads\/2026\/03\/laptop-credit-card-1-18x9.jpg 18w, https:\/\/europe-visa.eu\/wp-content\/uploads\/2026\/03\/laptop-credit-card-1.jpg 1200w\" sizes=\"auto, (max-width: 1024px) 100vw, 1024px\" \/><figcaption>ETIAS onay\u0131 olan laptop veya cihaz\u0131n\u0131z\u0131 temel seyahat paketleme listenize ekleyin.<\/figcaption><\/figure>\n\n<h3>Pasaport<\/h3>\n<ul>\n<li>En az ge\u00e7erli olmal\u0131d\u0131r <strong>3 ay \u00f6tesi<\/strong> Birle\u015fik Krall\u0131k'tan planlad\u0131\u011f\u0131n\u0131z ayr\u0131l\u0131\u015f tarihi <a href=\"https:\/\/europe-visa.eu\/tr\/etias-countries-list\/\">Schengen Alan\u0131<\/a><\/li>\n<li>Son i\u00e7inde verilmi\u015f olmas\u0131 gerekir <strong>10 y\u0131l<\/strong><\/li>\n<li>En az <strong>2 bo\u015f sayfa<\/strong> giri\u015f\/\u00e7\u0131k\u0131\u015f pullar\u0131 i\u00e7in<\/li>\n<li>Kopya <strong>fotokopiler<\/strong> ve dijital taramalar\u0131 e-postan\u0131zda veya bulut depolamas\u0131nda yedek olarak saklay\u0131n<\/li>\n<\/ul>\n<h3>ETIAS Yetkilendirmesi<\/h3>\n<p>The <a href=\"\/tr\/blog\/etias-application-guide\/\">ETIAS travel authorization<\/a> 2026'da Schengen Alan\u0131na giren vize muaf \u00fclkelerin vatanda\u015flar\u0131 i\u00e7in zorunludur. Hat\u0131rlanmas\u0131 gereken \u00f6nemli noktalar:<\/p>\n<ul>\n<li>Maliyet: <strong>\u20ac20<\/strong> ki\u015fi ba\u015f\u0131na (18 ya\u015f\u0131n alt\u0131 ve 70 ya\u015f\u0131n \u00fcst\u00fc olanlar i\u00e7in \u00fccretsiz)<\/li>\n<li>En az en az \u00e7evrimi\u00e7i olarak ba\u015fvurun <strong>kalk\u0131\u015ftan 72 saat \u00f6nce ba\u015fvur<\/strong> (1\u20132 hafta \u00f6ncesinden \u00f6nerilir)<\/li>\n<li>ETIAS <strong>elektronik olarak pasaportunuza ba\u011flan\u0131r<\/strong> \u2014 s\u0131n\u0131rda herhangi bir bask\u0131 kopyas\u0131 gerekli de\u011fildir<\/li>\n<li>Kaydet <strong>onay e-postas\u0131<\/strong> ve ba\u015fvuru referans numaras\u0131n\u0131 telefonunuzda<\/li>\n<li>Ge\u00e7erlili\u011fi <strong>3 y\u0131l<\/strong> veya pasaportunuz sona erene kadar, hangisi \u00f6nce gelirse<\/li>\n<li>Hepsini kontrol edin <a href=\"\/tr\/blog\/etias-requirements-documents\/\">ETIAS gereksinimleri ve belgeler<\/a> ba\u015fvurmadan \u00f6nce<\/li>\n<\/ul>\n<h3>Seyahat Sigortas\u0131<\/h3>\n<ul>\n<li>ETIAS i\u00e7in kesinlikle zorunlu olmasa da, <a href=\"\/tr\/blog\/etias-travel-insurance-europe\/\">seyahat sigortas\u0131<\/a> kuvvetle tavsiye edilir<\/li>\n<li>Kapsam\u0131n \u015funlar\u0131 i\u00e7erdi\u011finden emin olun <strong>t\u0131bbi harcamalar, gezi iptali ve bagaj kayb\u0131<\/strong><\/li>\n<li>Minimum tavsiye edilen t\u0131bbi teminat: <strong>\u20ac30,000<\/strong> (bu gereklidir <a href=\"https:\/\/europe-visa.eu\/tr\/etias-vs-schengen-visa\/\">Schengen vizesi<\/a> sahipleri i\u00e7in ve iyi bir referanst\u0131r)<\/li>\n<li>Bir kopyas\u0131n\u0131 yazd\u0131r\u0131n ve telefonunuzda dijital bir versiyonunu kaydedin<\/li>\n<\/ul>\n<h3>Di\u011fer \u00d6nemli Belgeler<\/h3>\n<ul>\n<li><strong>U\u00e7u\u015f onaylar\u0131<\/strong> (dijital veya bas\u0131l\u0131)<\/li>\n<li><strong>Otel\/konaklama rezervasyonlar\u0131<\/strong><\/li>\n<li><strong>Seyahat plan\u0131<\/strong> adres ve ileti\u015fim numaralar\u0131yla birlikte<\/li>\n<li><strong>Acil durum ileti\u015fim bilgileri<\/strong> kendi \u00fclkenizin b\u00fcy\u00fckel\u00e7ili\u011fi i\u00e7in<\/li>\n<li><strong>Uluslararas\u0131 ehliyet<\/strong> (araba kiralama planl\u0131yorsan\u0131z)<\/li>\n<li><strong>Kredi\/banka kartlar\u0131<\/strong> \u2014 seyahat tarihleri i\u00e7in bankan\u0131za bildirin, blokaj\u0131 \u00f6nlemek i\u00e7in<\/li>\n<\/ul>\n<h2>Mevsimsel Paketleme Rehberi<\/h2>\n<h3>Yaz Paketlemesi (Haziran\u2013A\u011fustos)<\/h3>\n<table style=\"width:100%;border-collapse:collapse;margin:20px 0;\">\n<thead>\n<tr style=\"background:#1a73e8;color:#fff;\">\n<th style=\"padding:12px 15px;text-align:left;border:1px solid #ddd;\">Kategori<\/th>\n<th style=\"padding:12px 15px;text-align:left;border:1px solid #ddd;\">\u00dcr\u00fcnler<\/th>\n<th style=\"padding:12px 15px;text-align:left;border:1px solid #ddd;\">Notlar<\/th>\n<\/tr>\n<\/thead>\n<tbody>\n<tr style=\"background:#f9f9f9;\">\n<td style=\"padding:10px 15px;border:1px solid #ddd;\"><strong>\u00dcstler<\/strong><\/td>\n<td style=\"padding:10px 15px;border:1px solid #ddd;\">4\u20135 hafif t-shirt\/bluz<\/td>\n<td style=\"padding:10px 15px;border:1px solid #ddd;\">Nefes alabilen kuma\u015flar, h\u0131zl\u0131 kuruma malzemeleri<\/td>\n<\/tr>\n<tr>\n<td style=\"padding:10px 15px;border:1px solid #ddd;\"><strong>Altlar<\/strong><\/td>\n<td style=\"padding:10px 15px;border:1px solid #ddd;\">2 \u015fort, 1 hafif pantolon\/jean<\/td>\n<td style=\"padding:10px 15px;border:1px solid #ddd;\">Kiliseler ve resmi mekanlar i\u00e7in pantolonlar gerekli<\/td>\n<\/tr>\n<tr style=\"background:#f9f9f9;\">\n<td style=\"padding:10px 15px;border:1px solid #ddd;\"><strong>Katmanlar<\/strong><\/td>\n<td style=\"padding:10px 15px;border:1px solid #ddd;\">1 hafif ceket veya h\u0131rka<\/td>\n<td style=\"padding:10px 15px;border:1px solid #ddd;\">Ak\u015famlar\u0131, \u00f6zellikle k\u0131y\u0131lara yak\u0131n b\u00f6lgelerde hava serinle\u015febilir<\/td>\n<\/tr>\n<tr>\n<td style=\"padding:10px 15px;border:1px solid #ddd;\"><strong>Ayakkab\u0131lar<\/strong><\/td>\n<td style=\"padding:10px 15px;border:1px solid #ddd;\">Rahat y\u00fcr\u00fcy\u00fc\u015f ayakkab\u0131lar\u0131, sandalet<\/td>\n<td style=\"padding:10px 15px;border:1px solid #ddd;\">Seyahatten \u00f6nce ayakkab\u0131lar\u0131 a\u015f\u0131nd\u0131r\u0131n<\/td>\n<\/tr>\n<tr style=\"background:#f9f9f9;\">\n<td style=\"padding:10px 15px;border:1px solid #ddd;\"><strong>Aksesuarlar<\/strong><\/td>\n<td style=\"padding:10px 15px;border:1px solid #ddd;\">G\u00fcne\u015f g\u00f6zl\u00fc\u011f\u00fc, \u015fapka, SPF 50+ g\u00fcne\u015f kremi<\/td>\n<td style=\"padding:10px 15px;border:1px solid #ddd;\">G\u00fcne\u015f korumas\u0131 G\u00fcney Avrupa'da \u00e7ok \u00f6nemlidir<\/td>\n<\/tr>\n<tr>\n<td style=\"padding:10px 15px;border:1px solid #ddd;\"><strong>Mayo<\/strong><\/td>\n<td style=\"padding:10px 15px;border:1px solid #ddd;\">1\u20132 mayo, \u00fczeri \u00f6rt\u00fcl\u00fc elbise<\/td>\n<td style=\"padding:10px 15px;border:1px solid #ddd;\">H\u0131zl\u0131 kurulayan malzeme bagaj alan\u0131ndan tasarruf sa\u011flar<\/td>\n<\/tr>\n<\/tbody>\n<\/table>\n<h3>K\u0131\u015f Paketleme (Aral\u0131k\u2013\u015eubat)<\/h3>\n<table style=\"width:100%;border-collapse:collapse;margin:20px 0;\">\n<thead>\n<tr style=\"background:#1a73e8;color:#fff;\">\n<th style=\"padding:12px 15px;text-align:left;border:1px solid #ddd;\">Kategori<\/th>\n<th style=\"padding:12px 15px;text-align:left;border:1px solid #ddd;\">\u00dcr\u00fcnler<\/th>\n<th style=\"padding:12px 15px;text-align:left;border:1px solid #ddd;\">Notlar<\/th>\n<\/tr>\n<\/thead>\n<tbody>\n<tr style=\"background:#f9f9f9;\">\n<td style=\"padding:10px 15px;border:1px solid #ddd;\"><strong>D\u0131\u015f Giyim<\/strong><\/td>\n<td style=\"padding:10px 15px;border:1px solid #ddd;\">1 s\u0131cak k\u0131\u015f paltosu, 1 ya\u011fmurluk ceket<\/td>\n<td style=\"padding:10px 15px;border:1px solid #ddd;\">Su ge\u00e7irmez ve r\u00fczgar ge\u00e7irmez \u00f6nerilir<\/td>\n<\/tr>\n<tr>\n<td style=\"padding:10px 15px;border:1px solid #ddd;\"><strong>Katmanlar<\/strong><\/td>\n<td style=\"padding:10px 15px;border:1px solid #ddd;\">3\u20134 uzun kollu g\u00f6mlek, 2 kazak<\/td>\n<td style=\"padding:10px 15px;border:1px solid #ddd;\">Merino y\u00fcn\u00fc s\u0131cak ve kokusuz<\/td>\n<\/tr>\n<tr style=\"background:#f9f9f9;\">\n<td style=\"padding:10px 15px;border:1px solid #ddd;\"><strong>Altlar<\/strong><\/td>\n<td style=\"padding:10px 15px;border:1px solid #ddd;\">2\u20133 \u00e7ift s\u0131cak pantolon\/jean<\/td>\n<td style=\"padding:10px 15px;border:1px solid #ddd;\">Taban katman\u0131 olarak termal taytlar<\/td>\n<\/tr>\n<tr>\n<td style=\"padding:10px 15px;border:1px solid #ddd;\"><strong>Ayakkab\u0131lar<\/strong><\/td>\n<td style=\"padding:10px 15px;border:1px solid #ddd;\">Su ge\u00e7irmez \u00e7izmeler, s\u0131cak \u00e7oraplar<\/td>\n<td style=\"padding:10px 15px;border:1px solid #ddd;\">Y\u00fcn \u00e7oraplar ayaklar\u0131 s\u0131cak ve kuru tutar<\/td>\n<\/tr>\n<tr style=\"background:#f9f9f9;\">\n<td style=\"padding:10px 15px;border:1px solid #ddd;\"><strong>Aksesuarlar<\/strong><\/td>\n<td style=\"padding:10px 15px;border:1px solid #ddd;\">E\u015farp, eldiven, s\u0131cak \u015fapka<\/td>\n<td style=\"padding:10px 15px;border:1px solid #ddd;\">Dokunmatik ekrana uyumlu eldiveler pratiktir<\/td>\n<\/tr>\n<tr>\n<td style=\"padding:10px 15px;border:1px solid #ddd;\"><strong>Termal taban<\/strong><\/td>\n<td style=\"padding:10px 15px;border:1px solid #ddd;\">2 adet termal i\u00e7 \u00e7ama\u015f\u0131r\u0131<\/td>\n<td style=\"padding:10px 15px;border:1px solid #ddd;\">Kuzey ve Orta Avrupa i\u00e7in gereklidir<\/td>\n<\/tr>\n<\/tbody>\n<\/table>\n<h2>AB G\u00fc\u00e7 Adapt\u00f6rleri ve Elektronikler<\/h2>\n<p>Avrupa'ya seyahat eden gezginler taraf\u0131ndan en s\u0131k unutulan \u015feylerden biri do\u011fru g\u00fc\u00e7 adapt\u00f6r\u00fcd\u00fcr. Bunu yanl\u0131\u015f yapmak, telefonunuzu, diz\u00fcst\u00fc bilgisayar\u0131n\u0131z\u0131 veya kameran\u0131z\u0131 \u015farj edemeyece\u011finiz anlam\u0131na gelir.<\/p>\n<figure class=\"wp-block-image size-large\"><img loading=\"lazy\" decoding=\"async\" src=\"https:\/\/europe-visa.eu\/wp-content\/uploads\/2026\/03\/eu-flag-building-1-1024x538.jpg\" alt=\"Seyahat\u00e7\u0131lara Avrupa i\u00e7in ETIAS belgelerini bagaja koymalar\u0131 hat\u0131rlatmas\u0131 i\u00e7in AB bayra\u011f\u0131\" class=\"wp-image-245\" width=\"1024\" height=\"538\" srcset=\"https:\/\/europe-visa.eu\/wp-content\/uploads\/2026\/03\/eu-flag-building-1-1024x538.jpg 1024w, https:\/\/europe-visa.eu\/wp-content\/uploads\/2026\/03\/eu-flag-building-1-300x158.jpg 300w, https:\/\/europe-visa.eu\/wp-content\/uploads\/2026\/03\/eu-flag-building-1-768x403.jpg 768w, https:\/\/europe-visa.eu\/wp-content\/uploads\/2026\/03\/eu-flag-building-1-18x9.jpg 18w, https:\/\/europe-visa.eu\/wp-content\/uploads\/2026\/03\/eu-flag-building-1.jpg 1200w\" sizes=\"auto, (max-width: 1024px) 100vw, 1024px\" \/><figcaption>ETIAS yetkilendirmenizin Avrupa geziniz i\u00e7in bavul haz\u0131rlama i\u015fleminden \u00f6nce onayland\u0131\u011f\u0131ndan ve yazd\u0131r\u0131ld\u0131\u011f\u0131ndan emin olun.<\/figcaption><\/figure>\n\n<ul>\n<li><strong>Fi\u015f tipi:<\/strong> Avrupa'n\u0131n \u00e7o\u011fu b\u00f6lgesinde <strong>C Tipi<\/strong> (Europlug) ve <strong>F Tipi<\/strong> (Schuko) prizler<\/li>\n<li><strong>Voltaj:<\/strong> Avrupa'da kullan\u0131lan <strong>230V, 50Hz<\/strong> \u2014 \u00e7o\u011fu modern elektronik cihaz (telefonlar, diz\u00fcst\u00fc bilgisayarlar, kameralar) \u00e7ift voltaja sahiptir ve iyi \u00e7al\u0131\u015f\u0131r, ancak cihaz\u0131n\u0131z\u0131n etiketlerini kontrol edin<\/li>\n<li><strong>\u00d6nerilen adapt\u00f6r:<\/strong> USB ba\u011flant\u0131 noktal\u0131 evrensel bir seyahat adapt\u00f6r\u00fc en \u00e7ok y\u00f6nl\u00fc se\u00e7enektir \u2014 bir adapt\u00f6r birden fazla cihaz\u0131 \u015farj edebilir<\/li>\n<li><strong>G\u00fc\u00e7 bankas\u0131:<\/strong> Uzun gezi g\u00fcnleri i\u00e7in ta\u015f\u0131nabilir bir g\u00fc\u00e7 bankas\u0131 getirin (havayolu d\u00fczenlemelerine uygun olmas\u0131 i\u00e7in 100Wh alt\u0131nda)<\/li>\n<li><strong>Sa\u00e7 kurutma makineleri\/d\u00fczle\u015ftirici:<\/strong> \u00c7ift voltajl\u0131 olmad\u0131k\u00e7a (etiketi kontrol edin), onlar\u0131 evde b\u0131rak\u0131n. Avrupa voltaj\u0131, bir adapt\u00f6r ile bile tek voltajl\u0131 cihazlara zarar verecektir<\/li>\n<\/ul>\n<h2>Para Birimi ve \u00d6deme \u0130pu\u00e7lar\u0131<\/h2>\n<p>Avrupa'da paray\u0131 ak\u0131ll\u0131ca y\u00f6netmek, ayr\u0131lmadan \u00f6nce biraz haz\u0131rl\u0131k gerektirir<\/p>\n<figure class=\"wp-block-image size-large\"><img loading=\"lazy\" decoding=\"async\" src=\"https:\/\/europe-visa.eu\/wp-content\/uploads\/2026\/03\/etias-application-steps-1024x538.png\" alt=\"Se\u00e7iniz i\u00e7in bagaj paketlemeden \u00f6nce tamamlanmas\u0131 gereken ETIAS ba\u015fvuru ad\u0131mlar\u0131\" class=\"wp-image-129\" width=\"1024\" height=\"538\" srcset=\"https:\/\/europe-visa.eu\/wp-content\/uploads\/2026\/03\/etias-application-steps-1024x538.png 1024w, https:\/\/europe-visa.eu\/wp-content\/uploads\/2026\/03\/etias-application-steps-300x158.png 300w, https:\/\/europe-visa.eu\/wp-content\/uploads\/2026\/03\/etias-application-steps-768x403.png 768w, https:\/\/europe-visa.eu\/wp-content\/uploads\/2026\/03\/etias-application-steps-18x9.png 18w, https:\/\/europe-visa.eu\/wp-content\/uploads\/2026\/03\/etias-application-steps.png 1200w\" sizes=\"auto, (max-width: 1024px) 100vw, 1024px\" \/><figcaption>ETIAS ba\u015fvurunuzu \u00f6nceden tamamlay\u0131n, b\u00f6ylece gerekli e\u015fyalar\u0131 paketlemeye odaklanabilirsiniz.<\/figcaption><\/figure>\n\n<ul>\n<li><strong>Euro b\u00f6lgesi:<\/strong> 30 Schengen \u00fclkesinden 20'si Euro (\u20ac) kullanmaktad\u0131r. Euro d\u0131\u015f\u0131 Schengen \u00fclkeleri aras\u0131nda \u0130svi\u00e7re (CHF), \u0130sve\u00e7 (SEK), Norve\u00e7 (NOK), Danimarka (DKK), Polonya (PLN), \u00c7ek Cumhuriyeti (CZK), Macaristan (HUF), \u0130zlanda (ISK) ve Lihten\u015ftayn (CHF) yer almaktad\u0131r.<\/li>\n<li><strong>Temass\u0131z \u00f6demeler:<\/strong> Bat\u0131 Avrupa'da yayg\u0131n olarak kabul edilmektedir. Apple Pay ve Google Pay \u00e7o\u011fu d\u00fckkan ve restoranda \u00e7al\u0131\u015fmaktad\u0131r.<\/li>\n<li><strong>Seyahat dostu kartlar:<\/strong> Geziniz \u00f6ncesinde banka kart\u0131 veya kredi kart\u0131 al\u0131n <strong>yabanc\u0131 i\u015flem \u00fccretleri olmayan<\/strong> Wise, Revolut veya seyahat \u00f6zellikleri olan b\u00fcy\u00fck bankalardan kartlar m\u00fckemmel se\u00e7imlerdir<\/li>\n<li><strong>Nakit ipu\u00e7lar\u0131:<\/strong> En iyi d\u00f6viz kurlar\u0131 i\u00e7in banka taraf\u0131ndan i\u015fletilen ATM'lerden para \u00e7ekin. Havaalanlar\u0131 ve turist alanlar\u0131ndaki d\u00f6viz de\u011fi\u015fim kiosklerinden ka\u00e7\u0131n\u0131n \u2014 y\u00fcksek komisyon talep ederler<\/li>\n<li><strong>Bankan\u0131z\u0131 bilgilendirin:<\/strong> Bankan\u0131z\u0131 seyahat tarihleriniz ve var\u0131\u015f \u00fclkeleriniz hakk\u0131nda bilgilendirin; b\u00f6ylece kart\u0131n\u0131zda doland\u0131r\u0131c\u0131l\u0131k engelleri olu\u015fmaz.<\/li>\n<\/ul>\n<h2>Avrupa i\u00e7in Yaln\u0131zca Kabin Bagaj\u0131 \u0130pu\u00e7lar\u0131<\/h2>\n<p>Avrupa'da yaln\u0131zca kabin bagaj\u0131 ta\u015f\u0131mak olduk\u00e7a pratiktir; \u00f6zellikle Ryanair veya easyJet gibi b\u00fct\u00e7e havayollar\u0131n\u0131 kullanmay\u0131 planl\u0131yorsan\u0131z veya tren ile \u015fehirler aras\u0131nda s\u0131k s\u0131k hareket ediyorsan\u0131z.<\/p>\n<figure class=\"wp-block-image size-large\"><img loading=\"lazy\" decoding=\"async\" src=\"https:\/\/europe-visa.eu\/wp-content\/uploads\/2026\/03\/santorini-blue-domes-1-1024x538.jpg\" alt=\"Akdeniz iklimi i\u00e7in uygun \u015fekilde paketleme gerektiren Santorini var\u0131\u015f noktas\u0131\" class=\"wp-image-236\" width=\"1024\" height=\"538\" srcset=\"https:\/\/europe-visa.eu\/wp-content\/uploads\/2026\/03\/santorini-blue-domes-1-1024x538.jpg 1024w, https:\/\/europe-visa.eu\/wp-content\/uploads\/2026\/03\/santorini-blue-domes-1-300x158.jpg 300w, https:\/\/europe-visa.eu\/wp-content\/uploads\/2026\/03\/santorini-blue-domes-1-768x403.jpg 768w, https:\/\/europe-visa.eu\/wp-content\/uploads\/2026\/03\/santorini-blue-domes-1-18x9.jpg 18w, https:\/\/europe-visa.eu\/wp-content\/uploads\/2026\/03\/santorini-blue-domes-1.jpg 1200w\" sizes=\"auto, (max-width: 1024px) 100vw, 1024px\" \/><figcaption>Santorini gibi Akdeniz destinasyonlar\u0131 i\u00e7in hafif giyim e\u015fyalar\u0131 ve g\u00fcne\u015f korumas\u0131 pakleyin.<\/figcaption><\/figure>\n\n<ul>\n<li><strong>\u00c7anta boyutu:<\/strong> \u00c7o\u011fu havayolu \u015firketi 55x40x20cm'ye kadar kabin bagajlar\u0131na izin verir. Bu alan\u0131 en \u00fcst d\u00fczeye \u00e7\u0131karan bir \u00e7anta sat\u0131n al\u0131n.<\/li>\n<li><strong>Ambalaj k\u00fcpleri:<\/strong> Bu s\u0131k\u0131\u015ft\u0131rma organizerleri, ne kadar \u00e7ok e\u015fya s\u0131\u011fd\u0131rabilece\u011finizi ve \u00f6\u011feleri eri\u015filebilir tutman\u0131z\u0131 dramatik \u015fekilde art\u0131r\u0131r<\/li>\n<li><strong>Kaps\u00fcl gard\u0131robu:<\/strong> Koordine renklerle k\u0131yafetler se\u00e7in, b\u00f6ylece her \u00fcst her alt ile kombinlenebilsin. Maksimum 3\u20134 renge ba\u011fl\u0131 kal\u0131n<\/li>\n<li><strong>\u00c7ama\u015f\u0131r stratejisi:<\/strong> Her 4\u20135 g\u00fcnde bir, hostel \u00e7ama\u015f\u0131rhaneleri, \u00e7ama\u015f\u0131r makineleri veya seyahat deterjan\u0131 ile el y\u0131kamas\u0131 kullanarak \u00e7ama\u015f\u0131r yapmay\u0131 planlay\u0131n<\/li>\n<li><strong>K\u0131vr\u0131l\u0131 pakla, katlama:<\/strong> K\u0131yafetleri katlamak yerine k\u0131vr\u0131l\u0131 paketlemek k\u0131r\u0131\u015f\u0131kl\u0131klar\u0131 \u00f6nler ve yer tasarrufu sa\u011flar<\/li>\n<li><strong>En hacimli \u00f6\u011feleri giyin:<\/strong> Bavul alan\u0131n\u0131 bo\u015faltmak i\u00e7in u\u00e7akta en a\u011f\u0131r ayakkab\u0131lar\u0131n\u0131z\u0131 ve ceketinizi giyin<\/li>\n<\/ul>\n<h2>Bagaj K\u0131s\u0131tlamalar\u0131: Getirdi\u011finiz Yasak E\u015fyalar<\/h2>\n<p>Avrupa'ya u\u00e7arken el bagaj\u0131nda ve g\u00f6zlemci bagaj\u0131nda s\u0131n\u0131rl\u0131 veya yasak olan \u00f6\u011felerin fark\u0131nda olun:<\/p>\n<figure class=\"wp-block-image size-large\"><img loading=\"lazy\" decoding=\"async\" src=\"https:\/\/europe-visa.eu\/wp-content\/uploads\/2026\/03\/berlin-city-1-1024x538.jpg\" alt=\"De\u011fi\u015fken Avrupa hava ko\u015fullar\u0131 i\u00e7in \u00e7ok y\u00f6nl\u00fc paketleme gerektiren Berlin \u015fehri\" class=\"wp-image-251\" width=\"1024\" height=\"538\" srcset=\"https:\/\/europe-visa.eu\/wp-content\/uploads\/2026\/03\/berlin-city-1-1024x538.jpg 1024w, https:\/\/europe-visa.eu\/wp-content\/uploads\/2026\/03\/berlin-city-1-300x158.jpg 300w, https:\/\/europe-visa.eu\/wp-content\/uploads\/2026\/03\/berlin-city-1-768x403.jpg 768w, https:\/\/europe-visa.eu\/wp-content\/uploads\/2026\/03\/berlin-city-1-18x9.jpg 18w, https:\/\/europe-visa.eu\/wp-content\/uploads\/2026\/03\/berlin-city-1.jpg 1200w\" sizes=\"auto, (max-width: 1024px) 100vw, 1024px\" \/><figcaption>Berlin'in de\u011fi\u015fken hava ko\u015fullar\u0131, rahat gezinti i\u00e7in katmanlar halinde giyinmeyi gerekli k\u0131lar.<\/figcaption><\/figure>\n\n<ul>\n<li><strong>S\u0131v\u0131lar (kabin bagaj\u0131):<\/strong> Kaplar 100ml veya daha az olmal\u0131 ve t\u00fcm\u00fc tek bir 1 litrelik \u015feffaf po\u015fete s\u0131\u011fmal\u0131d\u0131r. Baz\u0131 havaalanlar\u0131nda geli\u015fmi\u015f tarama ile istisnalar uygulanabilir<\/li>\n<li><strong>Keskin nesneler:<\/strong> B\u0131\u00e7ak ucu 6cm'den b\u00fcy\u00fck makas, b\u0131\u00e7ak ve t\u0131ra\u015f b\u0131\u00e7aklar\u0131 kay\u0131tl\u0131 bagajda olmal\u0131d\u0131r<\/li>\n<li><strong>Lityum piller:<\/strong> Yedek piller ve g\u00fc\u00e7 bankalar\u0131 <strong>must<\/strong> be in carry-on luggage, not checked bags. Limit of 100Wh per battery<\/li>\n<li><strong>G\u0131da k\u0131s\u0131tlamalar\u0131:<\/strong> Bir\u00e7ok \u00fclke et, s\u00fct \u00fcr\u00fcnleri ve bitki \u00fcr\u00fcnlerini getirmeyi k\u0131s\u0131tlar. G\u0131da \u00fcr\u00fcnlerini paketlemeden \u00f6nce AB g\u00fcmr\u00fck y\u00f6netmeliklerini kontrol edin<\/li>\n<li><strong>\u0130la\u00e7:<\/strong> Re\u00e7ete ila\u00e7lar\u0131n\u0131 orijinal ambalaj\u0131nda bir doktorun mektubuyla ta\u015f\u0131y\u0131n. \u00dclkenizde yasal olan baz\u0131 ila\u00e7lar Avrupa'da kontroll\u00fc olabilir<\/li>\n<\/ul>\n<h2>Avrupa \u0130\u00e7in Gerekli Seyahat Uygulamalar\u0131<\/h2>\n<p>Avrupa seyahatinizi geli\u015ftirmek i\u00e7in seyahatinizden \u00f6nce bu uygulamalar\u0131 indirin:<\/p>\n<ul>\n<li><strong>Google Maps \/ Maps.me:<\/strong> Seyahat etmeden \u00f6nce hedef \u015fehirlerinizin ve b\u00f6lgelerinizin \u00e7evrimd\u0131\u015f\u0131 haritalar\u0131n\u0131 indirin. Veri olmadan navigasyon i\u00e7in gereklidir<\/li>\n<li><strong>Google Translate:<\/strong> \u00c7evrimd\u0131\u015f\u0131 \u00e7eviri i\u00e7in dil paketlerini indirin. Kamera \u00f6zelli\u011fi men\u00fcleri ve i\u015faretleri ger\u00e7ek zamanl\u0131 olarak \u00e7evirir<\/li>\n<li><strong>Rome2Rio:<\/strong> Avrupa'daki herhangi iki nokta aras\u0131nda tren, otob\u00fcs, u\u00e7ak ve feribot se\u00e7eneklerini g\u00f6steren kapsaml\u0131 ula\u015f\u0131m aramas\u0131<\/li>\n<li><strong>Trainline \/ Omio:<\/strong> Avrupa genelinde trenler ve otob\u00fcsler rezerve edin, genellikle ulusal demiryolu web sitelerine k\u0131yasla indirimli fiyatlarla<\/li>\n<li><strong>XE Currency:<\/strong> Avrupa'da kullan\u0131lan birden fazla para birimi i\u00e7in ger\u00e7ek zamanl\u0131 d\u00f6viz d\u00f6n\u00fc\u015f\u00fcm\u00fc<\/li>\n<li><strong>TripIt:<\/strong> T\u00fcm rezervasyon onaylar\u0131n\u0131z\u0131, u\u00e7u\u015f ayr\u0131nt\u0131lar\u0131n\u0131z\u0131 ve otel rezervasyonlar\u0131n\u0131z\u0131 tek bir yerde organize edin<\/li>\n<li><strong>Wise \/ Revolut:<\/strong> M\u00fckemmel d\u00f6viz kurlar\u0131 ve yabanc\u0131 i\u015flem \u00fccreti olmayan dijital bankac\u0131l\u0131k uygulamalar\u0131<\/li>\n<\/ul>\n\n<h2>Resmi Kaynaklar ve Referanslar<\/h2>\n<ul>\n<li><a href=\"https:\/\/travel-europe.europa.eu\/etias_en\" target=\"_blank\" rel=\"noopener noreferrer\">European Commission \u2013 ETIAS Official Portal<\/a><\/li>\n<li><a href=\"https:\/\/www.eulisa.europa.eu\/\" target=\"_blank\" rel=\"noopener noreferrer\">eu-LISA \u2013 Bilgi \u0130\u015flem Sistemleri i\u00e7in Avrupa Kurumu<\/a><\/li>\n<\/ul>\n<h2>S\u0131k Sorulan Sorular<\/h2>\n<h3>ETIAS yetkilendirmemi yazd\u0131rmam gerekir mi?<\/h3>\n<p>Hay\u0131r, ETIAS elektronik olarak pasaportunuza ba\u011fl\u0131d\u0131r, bu nedenle bas\u0131l\u0131 bir kopya gerekmez. S\u0131n\u0131r kontrol\u00fcnden ge\u00e7erken, g\u00f6revliler pasaportunuzu tarayarak ETIAS'\u0131n\u0131z\u0131 do\u011frulayabilirler. Ancak, onay e-postan\u0131z\u0131 ve ba\u015fvuru referans numaran\u0131z\u0131 telefonunuza yedek olarak kaydetmenizi ve havaalanda internet ba\u011flant\u0131n\u0131z olmad\u0131\u011f\u0131 durumda \u00e7evrimd\u0131\u015f\u0131 eri\u015filebilir bir ekran g\u00f6r\u00fcnt\u00fcs\u00fc tutman\u0131z\u0131 tavsiye ederiz.<\/p>\n<h3>ETIAS ba\u015fvurusu i\u00e7in pasaportumun yan\u0131nda hangi belgelere ihtiyac\u0131m var?<\/h3>\n<p>ETIAS ba\u015fvurusu \u00f6ncelikle bir <strong>ge\u00e7erli pasaport<\/strong>, bir <strong>e-posta adresi<\/strong>, ve bir <strong><a href=\"https:\/\/europe-visa.eu\/tr\/etias-payment-methods\/\">\u00f6deme y\u00f6ntemi<\/a><\/strong> (banka veya kredi kart\u0131) \u20ac20 \u00fccret i\u00e7in. Ayr\u0131ca sa\u011fl\u0131\u011f\u0131n\u0131z, cezai ge\u00e7mi\u015finiz ve \u00f6nceki seyahatleriniz hakk\u0131nda sorulara yan\u0131t vermeniz gerekecektir. Standart ba\u015fvuru i\u00e7in genellikle ek destekleyici belgeler gerekli de\u011fildir, ancak nadir durumlarda ek belgeler istenebilir. Tam <a href=\"\/tr\/blog\/etias-requirements-documents\/\">ETIAS gereksinimleri k\u0131lavuzu<\/a> b\u00f6l\u00fcm\u00fcne bak\u0131n.<\/p>\n<h3>Avrupa i\u00e7in hangi g\u00fc\u00e7 adapt\u00f6r\u00fcne ihtiyac\u0131m var?<\/h3>\n<p>\u00c7o\u011fu Avrupa \u00fclkesi <strong>Tip C (Europlug)<\/strong> veya <strong>Tip F (Schuko)<\/strong> \u00e7\u0131k\u0131\u015flar\u0131 230V'da. \u0130svi\u00e7re Tip J kullan\u0131r ve \u0130talya bazen Tip L kullan\u0131r. A <strong>evrensel seyahat adapt\u00f6r\u00fc<\/strong> birden fazla fi\u015f konfig\u00fcrasyonuna sahip en pratik \u00e7\u00f6z\u00fcmd\u00fcr. \u00c7o\u011fu modern elektronik (telefonlar, diz\u00fcst\u00fc bilgisayarlar, kamera \u015farj cihazlar\u0131) \u00e7ift voltajl\u0131 (100\u2013240V) olup yaln\u0131zca bir adapt\u00f6rle sorunsuz \u00e7al\u0131\u015f\u0131r \u2014 voltaj d\u00f6n\u00fc\u015ft\u00fcr\u00fcc\u00fcye gerek yoktur. Fi\u015f takmadan \u00f6nce her zaman cihaz\u0131n\u0131z\u0131n etiketlerini kontrol edin.<\/p>\n<h3>Avrupa'ya yemek ve at\u0131\u015ft\u0131rmal\u0131k getirebilir miyim?<\/h3>\n<p>AB, hayvan \u00fcr\u00fcnlerinin ithalat\u0131 konusunda kat\u0131 d\u00fczenlemelere sahiptir. Genel olarak <strong>et, s\u00fct \u00fcr\u00fcnleri veya hayvan k\u00f6kenli \u00fcr\u00fcnler getiremezsiniz<\/strong> AB d\u0131\u015f\u0131 \u00fclkelerden. Bitkisel \u00fcr\u00fcnler, meyveler ve sebzeler de kayna\u011fa ba\u011fl\u0131 olarak k\u0131s\u0131tlamalarla kar\u015f\u0131la\u015fabilir. Ticari olarak paketlenmi\u015f, raf \u00f6mr\u00fc uzun at\u0131\u015ft\u0131rmal\u0131klar (cips, kraker, \u00e7ikolata barlar\u0131) genellikle uygundur. \u015e\u00fcpheniz varsa, g\u0131da maddelerini g\u00fcmr\u00fckte bildirin \u2014 beyan edilmeyen yasakl\u0131 maddeler para cezas\u0131yla sonu\u00e7lanabilir.<\/p>\n\n<!-- IMG-CAP-2026 -->\n\n<style data-img-cap=\"2026-05-26\">\n.entry-content figure.wp-block-image img,.entry-content .wp-block-image img,.entry-content img,.post-content img,.td-post-content img,article figure img,article .wp-block-image img{max-width:100%!important;max-height:500px!important;height:auto!important;width:auto!important;object-fit:contain!important;display:block!important;margin:1.5rem auto!important}\n@media (max-width:768px){.entry-content figure.wp-block-image img,.entry-content .wp-block-image img,.entry-content img,.post-content img,.td-post-content img,article figure img,article .wp-block-image img{max-height:320px!important}}\n<\/style>","protected":false},"excerpt":{"rendered":"<p>2026 Avrupa geziniz i\u00e7in komple bagaj kontrol listesi. \u00d6nemli belgeler (pasaport, ETIAS, sigorta), mevsimsel k\u0131yafet rehberleri, AB g\u00fc\u00e7 adapt\u00f6rleri, d\u00f6viz ipu\u00e7lar\u0131, kabin bagaj\u0131 stratejileri, bagaj k\u0131s\u0131tlamalar\u0131 ve olmazsa olmaz seyahat uygulamalar\u0131.<\/p>","protected":false},"author":2,"featured_media":244,"comment_status":"closed","ping_status":"","sticky":false,"template":"","format":"standard","meta":{"_yoast_wpseo_focuskw":"Europe packing checklist ETIAS","_yoast_wpseo_title":"Europe Packing Checklist 2026: What to Bring + ETIAS Tips","_yoast_wpseo_metadesc":"Complete Europe packing checklist for 2026. Essential items, seasonal clothing guide, tech gadgets, and important documents including your ETIAS authorization.","site-sidebar-layout":"default","site-content-layout":"","ast-site-content-layout":"default","site-content-style":"default","site-sidebar-style":"default","ast-global-header-display":"","ast-banner-title-visibility":"","ast-main-header-display":"","ast-hfb-above-header-display":"","ast-hfb-below-header-display":"","ast-hfb-mobile-header-display":"","site-post-title":"","ast-breadcrumbs-content":"","ast-featured-img":"","footer-sml-layout":"","ast-disable-related-posts":"","theme-transparent-header-meta":"","adv-header-id-meta":"","stick-header-meta":"","header-above-stick-meta":"","header-main-stick-meta":"","header-below-stick-meta":"","astra-migrate-meta-layouts":"default","ast-page-background-enabled":"default","ast-page-background-meta":{"desktop":{"background-color":"var(--ast-global-color-5)","background-image":"","background-repeat":"repeat","background-position":"center center","background-size":"auto","background-attachment":"scroll","background-type":"","background-media":"","overlay-type":"","overlay-color":"","overlay-opacity":"","overlay-gradient":""},"tablet":{"background-color":"","background-image":"","background-repeat":"repeat","background-position":"center center","background-size":"auto","background-attachment":"scroll","background-type":"","background-media":"","overlay-type":"","overlay-color":"","overlay-opacity":"","overlay-gradient":""},"mobile":{"background-color":"","background-image":"","background-repeat":"repeat","background-position":"center center","background-size":"auto","background-attachment":"scroll","background-type":"","background-media":"","overlay-type":"","overlay-color":"","overlay-opacity":"","overlay-gradient":""}},"ast-content-background-meta":{"desktop":{"background-color":"var(--ast-global-color-4)","background-image":"","background-repeat":"repeat","background-position":"center center","background-size":"auto","background-attachment":"scroll","background-type":"","background-media":"","overlay-type":"","overlay-color":"","overlay-opacity":"","overlay-gradient":""},"tablet":{"background-color":"var(--ast-global-color-4)","background-image":"","background-repeat":"repeat","background-position":"center center","background-size":"auto","background-attachment":"scroll","background-type":"","background-media":"","overlay-type":"","overlay-color":"","overlay-opacity":"","overlay-gradient":""},"mobile":{"background-color":"var(--ast-global-color-4)","background-image":"","background-repeat":"repeat","background-position":"center center","background-size":"auto","background-attachment":"scroll","background-type":"","background-media":"","overlay-type":"","overlay-color":"","overlay-opacity":"","overlay-gradient":""}},"footnotes":""},"categories":[13,115],"tags":[],"class_list":["post-418","post","type-post","status-publish","format-standard","has-post-thumbnail","hentry","category-blog","category-etias-countries-travel"],"yoast_head":"<!-- This site is optimized with the Yoast SEO plugin v27.0 - https:\/\/yoast.com\/product\/yoast-seo-wordpress\/ -->\n<title>Europe Packing Checklist 2026: What to Bring + ETIAS Tips<\/title>\n<meta name=\"description\" content=\"Complete Europe packing checklist for 2026. Essential items, seasonal clothing guide, tech gadgets, and important documents including your ETIAS authorization.\" \/>\n<meta name=\"robots\" content=\"index, follow, max-snippet:-1, max-image-preview:large, max-video-preview:-1\" \/>\n<link rel=\"canonical\" href=\"https:\/\/europe-visa.eu\/tr\/blog\/europe-packing-checklist-etias\/\" \/>\n<meta property=\"og:locale\" content=\"tr_TR\" \/>\n<meta property=\"og:type\" content=\"article\" \/>\n<meta property=\"og:title\" content=\"Europe Packing Checklist 2026: What to Bring + ETIAS Tips\" \/>\n<meta property=\"og:description\" content=\"Complete Europe packing checklist for 2026. Essential items, seasonal clothing guide, tech gadgets, and important documents including your ETIAS authorization.\" \/>\n<meta property=\"og:url\" content=\"https:\/\/europe-visa.eu\/tr\/blog\/europe-packing-checklist-etias\/\" \/>\n<meta property=\"og:site_name\" content=\"ETIAS - Travel to Europe\" \/>\n<meta property=\"article:published_time\" content=\"2026-03-13T20:00:00+00:00\" \/>\n<meta property=\"article:modified_time\" content=\"2026-05-29T10:58:59+00:00\" \/>\n<meta property=\"og:image\" content=\"https:\/\/europe-visa.eu\/wp-content\/uploads\/2026\/03\/laptop-credit-card-1.jpg\" \/>\n\t<meta property=\"og:image:width\" content=\"1200\" \/>\n\t<meta property=\"og:image:height\" content=\"630\" \/>\n\t<meta property=\"og:image:type\" content=\"image\/jpeg\" \/>\n<meta name=\"author\" content=\"Lukas Lukas\" \/>\n<meta name=\"twitter:card\" content=\"summary_large_image\" \/>\n<meta name=\"twitter:label1\" content=\"Yazan:\" \/>\n\t<meta name=\"twitter:data1\" content=\"Lukas Lukas\" \/>\n\t<meta name=\"twitter:label2\" content=\"Tahmini okuma s\u00fcresi\" \/>\n\t<meta name=\"twitter:data2\" content=\"8 dakika\" \/>\n<script type=\"application\/ld+json\" class=\"yoast-schema-graph\">{\"@context\":\"https:\/\/schema.org\",\"@graph\":[{\"@type\":\"Article\",\"@id\":\"https:\/\/europe-visa.eu\/blog\/europe-packing-checklist-etias\/#article\",\"isPartOf\":{\"@id\":\"https:\/\/europe-visa.eu\/blog\/europe-packing-checklist-etias\/\"},\"author\":{\"name\":\"Lukas Lukas\",\"@id\":\"https:\/\/europe-visa.eu\/#\/schema\/person\/d0eb5d90529a6716b0467b7f7be1020b\"},\"headline\":\"Europe Packing Checklist 2026: What to Bring + ETIAS Documents\",\"datePublished\":\"2026-03-13T20:00:00+00:00\",\"dateModified\":\"2026-05-29T10:58:59+00:00\",\"mainEntityOfPage\":{\"@id\":\"https:\/\/europe-visa.eu\/blog\/europe-packing-checklist-etias\/\"},\"wordCount\":1595,\"publisher\":{\"@id\":\"https:\/\/europe-visa.eu\/#organization\"},\"image\":{\"@id\":\"https:\/\/europe-visa.eu\/blog\/europe-packing-checklist-etias\/#primaryimage\"},\"thumbnailUrl\":\"https:\/\/europe-visa.eu\/wp-content\/uploads\/2026\/03\/laptop-credit-card-1.jpg\",\"articleSection\":[\"Blog\",\"ETIAS Countries &amp; Travel\"],\"inLanguage\":\"tr\"},{\"@type\":\"WebPage\",\"@id\":\"https:\/\/europe-visa.eu\/blog\/europe-packing-checklist-etias\/\",\"url\":\"https:\/\/europe-visa.eu\/blog\/europe-packing-checklist-etias\/\",\"name\":\"Europe Packing Checklist 2026: What to Bring + ETIAS Tips\",\"isPartOf\":{\"@id\":\"https:\/\/europe-visa.eu\/#website\"},\"primaryImageOfPage\":{\"@id\":\"https:\/\/europe-visa.eu\/blog\/europe-packing-checklist-etias\/#primaryimage\"},\"image\":{\"@id\":\"https:\/\/europe-visa.eu\/blog\/europe-packing-checklist-etias\/#primaryimage\"},\"thumbnailUrl\":\"https:\/\/europe-visa.eu\/wp-content\/uploads\/2026\/03\/laptop-credit-card-1.jpg\",\"datePublished\":\"2026-03-13T20:00:00+00:00\",\"dateModified\":\"2026-05-29T10:58:59+00:00\",\"description\":\"Complete Europe packing checklist for 2026. Essential items, seasonal clothing guide, tech gadgets, and important documents including your ETIAS authorization.\",\"breadcrumb\":{\"@id\":\"https:\/\/europe-visa.eu\/blog\/europe-packing-checklist-etias\/#breadcrumb\"},\"inLanguage\":\"tr\",\"potentialAction\":[{\"@type\":\"ReadAction\",\"target\":[\"https:\/\/europe-visa.eu\/blog\/europe-packing-checklist-etias\/\"]}]},{\"@type\":\"ImageObject\",\"inLanguage\":\"tr\",\"@id\":\"https:\/\/europe-visa.eu\/blog\/europe-packing-checklist-etias\/#primaryimage\",\"url\":\"https:\/\/europe-visa.eu\/wp-content\/uploads\/2026\/03\/laptop-credit-card-1.jpg\",\"contentUrl\":\"https:\/\/europe-visa.eu\/wp-content\/uploads\/2026\/03\/laptop-credit-card-1.jpg\",\"width\":1200,\"height\":630,\"caption\":\"Photo by Pexels (Free License)\"},{\"@type\":\"BreadcrumbList\",\"@id\":\"https:\/\/europe-visa.eu\/blog\/europe-packing-checklist-etias\/#breadcrumb\",\"itemListElement\":[{\"@type\":\"ListItem\",\"position\":1,\"name\":\"Home\",\"item\":\"https:\/\/europe-visa.eu\/\"},{\"@type\":\"ListItem\",\"position\":2,\"name\":\"Europe Packing Checklist 2026: What to Bring + ETIAS Documents\"}]},{\"@type\":\"WebSite\",\"@id\":\"https:\/\/europe-visa.eu\/#website\",\"url\":\"https:\/\/europe-visa.eu\/\",\"name\":\"ETIAS - Travel to Europe\",\"description\":\"\",\"publisher\":{\"@id\":\"https:\/\/europe-visa.eu\/#organization\"},\"potentialAction\":[{\"@type\":\"SearchAction\",\"target\":{\"@type\":\"EntryPoint\",\"urlTemplate\":\"https:\/\/europe-visa.eu\/?s={search_term_string}\"},\"query-input\":{\"@type\":\"PropertyValueSpecification\",\"valueRequired\":true,\"valueName\":\"search_term_string\"}}],\"inLanguage\":\"tr\"},{\"@type\":\"Organization\",\"@id\":\"https:\/\/europe-visa.eu\/#organization\",\"name\":\"Europe-Visa.eu\",\"url\":\"https:\/\/europe-visa.eu\/\",\"logo\":{\"@type\":\"ImageObject\",\"inLanguage\":\"tr\",\"@id\":\"https:\/\/europe-visa.eu\/#\/schema\/logo\/image\/\",\"url\":\"https:\/\/europe-visa.eu\/wp-content\/uploads\/2026\/02\/etias-favicon.png\",\"contentUrl\":\"https:\/\/europe-visa.eu\/wp-content\/uploads\/2026\/02\/etias-favicon.png\",\"width\":512,\"height\":512,\"caption\":\"Europe-Visa.eu\"},\"image\":{\"@id\":\"https:\/\/europe-visa.eu\/#\/schema\/logo\/image\/\"}},{\"@type\":\"Person\",\"@id\":\"https:\/\/europe-visa.eu\/#\/schema\/person\/d0eb5d90529a6716b0467b7f7be1020b\",\"name\":\"Lukas Lukas\",\"image\":{\"@type\":\"ImageObject\",\"inLanguage\":\"tr\",\"@id\":\"https:\/\/europe-visa.eu\/#\/schema\/person\/image\/\",\"url\":\"https:\/\/secure.gravatar.com\/avatar\/95ba2aa5515cb28d55e5aafefd1ae0b601c1c904c08f88c4d334d6b9a2d2d0e2?s=96&d=mm&r=g\",\"contentUrl\":\"https:\/\/secure.gravatar.com\/avatar\/95ba2aa5515cb28d55e5aafefd1ae0b601c1c904c08f88c4d334d6b9a2d2d0e2?s=96&d=mm&r=g\",\"caption\":\"Lukas Lukas\"},\"url\":\"https:\/\/europe-visa.eu\/tr\/blog\/author\/lukas\/\"}]}<\/script>\n<!-- \/ Yoast SEO plugin. -->","yoast_head_json":{"title":"Avrupa Bagaj Kontrol Listesi 2026: Ne Getirece\u011finiz + ETIAS \u0130pu\u00e7lar\u0131","description":"2026 i\u00e7in Avrupa'ya Komple Bagaj Kontrol Listesi. Temel e\u015fyalar, mevsimsel k\u0131yafet rehberi, teknoloji gadgetleri ve ETIAS yetkilendirmesi de dahil olmak \u00fczere \u00f6nemli belgeler.","robots":{"index":"index","follow":"follow","max-snippet":"max-snippet:-1","max-image-preview":"max-image-preview:large","max-video-preview":"max-video-preview:-1"},"canonical":"https:\/\/europe-visa.eu\/tr\/blog\/europe-packing-checklist-etias\/","og_locale":"tr_TR","og_type":"article","og_title":"Europe Packing Checklist 2026: What to Bring + ETIAS Tips","og_description":"Complete Europe packing checklist for 2026. Essential items, seasonal clothing guide, tech gadgets, and important documents including your ETIAS authorization.","og_url":"https:\/\/europe-visa.eu\/tr\/blog\/europe-packing-checklist-etias\/","og_site_name":"ETIAS - Travel to Europe","article_published_time":"2026-03-13T20:00:00+00:00","article_modified_time":"2026-05-29T10:58:59+00:00","og_image":[{"width":1200,"height":630,"url":"https:\/\/europe-visa.eu\/wp-content\/uploads\/2026\/03\/laptop-credit-card-1.jpg","type":"image\/jpeg"}],"author":"Lukas Lukas","twitter_card":"summary_large_image","twitter_misc":{"Yazan:":"Lukas Lukas","Tahmini okuma s\u00fcresi":"8 dakika"},"schema":{"@context":"https:\/\/schema.org","@graph":[{"@type":"Article","@id":"https:\/\/europe-visa.eu\/blog\/europe-packing-checklist-etias\/#article","isPartOf":{"@id":"https:\/\/europe-visa.eu\/blog\/europe-packing-checklist-etias\/"},"author":{"name":"Lukas Lukas","@id":"https:\/\/europe-visa.eu\/#\/schema\/person\/d0eb5d90529a6716b0467b7f7be1020b"},"headline":"Europe Packing Checklist 2026: What to Bring + ETIAS Documents","datePublished":"2026-03-13T20:00:00+00:00","dateModified":"2026-05-29T10:58:59+00:00","mainEntityOfPage":{"@id":"https:\/\/europe-visa.eu\/blog\/europe-packing-checklist-etias\/"},"wordCount":1595,"publisher":{"@id":"https:\/\/europe-visa.eu\/#organization"},"image":{"@id":"https:\/\/europe-visa.eu\/blog\/europe-packing-checklist-etias\/#primaryimage"},"thumbnailUrl":"https:\/\/europe-visa.eu\/wp-content\/uploads\/2026\/03\/laptop-credit-card-1.jpg","articleSection":["Blog","ETIAS Countries &amp; Travel"],"inLanguage":"tr"},{"@type":"WebPage","@id":"https:\/\/europe-visa.eu\/blog\/europe-packing-checklist-etias\/","url":"https:\/\/europe-visa.eu\/blog\/europe-packing-checklist-etias\/","name":"Avrupa Bagaj Kontrol Listesi 2026: Ne Getirece\u011finiz + ETIAS \u0130pu\u00e7lar\u0131","isPartOf":{"@id":"https:\/\/europe-visa.eu\/#website"},"primaryImageOfPage":{"@id":"https:\/\/europe-visa.eu\/blog\/europe-packing-checklist-etias\/#primaryimage"},"image":{"@id":"https:\/\/europe-visa.eu\/blog\/europe-packing-checklist-etias\/#primaryimage"},"thumbnailUrl":"https:\/\/europe-visa.eu\/wp-content\/uploads\/2026\/03\/laptop-credit-card-1.jpg","datePublished":"2026-03-13T20:00:00+00:00","dateModified":"2026-05-29T10:58:59+00:00","description":"2026 i\u00e7in Avrupa'ya Komple Bagaj Kontrol Listesi. Temel e\u015fyalar, mevsimsel k\u0131yafet rehberi, teknoloji gadgetleri ve ETIAS yetkilendirmesi de dahil olmak \u00fczere \u00f6nemli belgeler.","breadcrumb":{"@id":"https:\/\/europe-visa.eu\/blog\/europe-packing-checklist-etias\/#breadcrumb"},"inLanguage":"tr","potentialAction":[{"@type":"ReadAction","target":["https:\/\/europe-visa.eu\/blog\/europe-packing-checklist-etias\/"]}]},{"@type":"ImageObject","inLanguage":"tr","@id":"https:\/\/europe-visa.eu\/blog\/europe-packing-checklist-etias\/#primaryimage","url":"https:\/\/europe-visa.eu\/wp-content\/uploads\/2026\/03\/laptop-credit-card-1.jpg","contentUrl":"https:\/\/europe-visa.eu\/wp-content\/uploads\/2026\/03\/laptop-credit-card-1.jpg","width":1200,"height":630,"caption":"Photo by Pexels (Free License)"},{"@type":"BreadcrumbList","@id":"https:\/\/europe-visa.eu\/blog\/europe-packing-checklist-etias\/#breadcrumb","itemListElement":[{"@type":"ListItem","position":1,"name":"Home","item":"https:\/\/europe-visa.eu\/"},{"@type":"ListItem","position":2,"name":"Europe Packing Checklist 2026: What to Bring + ETIAS Documents"}]},{"@type":"WebSite","@id":"https:\/\/europe-visa.eu\/#website","url":"https:\/\/europe-visa.eu\/","name":"ETIAS - Avrupa'ya Seyahat","description":"","publisher":{"@id":"https:\/\/europe-visa.eu\/#organization"},"potentialAction":[{"@type":"SearchAction","target":{"@type":"EntryPoint","urlTemplate":"https:\/\/europe-visa.eu\/?s={search_term_string}"},"query-input":{"@type":"PropertyValueSpecification","valueRequired":true,"valueName":"search_term_string"}}],"inLanguage":"tr"},{"@type":"Organization","@id":"https:\/\/europe-visa.eu\/#organization","name":"Europe-Visa.eu","url":"https:\/\/europe-visa.eu\/","logo":{"@type":"ImageObject","inLanguage":"tr","@id":"https:\/\/europe-visa.eu\/#\/schema\/logo\/image\/","url":"https:\/\/europe-visa.eu\/wp-content\/uploads\/2026\/02\/etias-favicon.png","contentUrl":"https:\/\/europe-visa.eu\/wp-content\/uploads\/2026\/02\/etias-favicon.png","width":512,"height":512,"caption":"Europe-Visa.eu"},"image":{"@id":"https:\/\/europe-visa.eu\/#\/schema\/logo\/image\/"}},{"@type":"Person","@id":"https:\/\/europe-visa.eu\/#\/schema\/person\/d0eb5d90529a6716b0467b7f7be1020b","name":"Lukas Lukas","image":{"@type":"ImageObject","inLanguage":"tr","@id":"https:\/\/europe-visa.eu\/#\/schema\/person\/image\/","url":"https:\/\/secure.gravatar.com\/avatar\/95ba2aa5515cb28d55e5aafefd1ae0b601c1c904c08f88c4d334d6b9a2d2d0e2?s=96&d=mm&r=g","contentUrl":"https:\/\/secure.gravatar.com\/avatar\/95ba2aa5515cb28d55e5aafefd1ae0b601c1c904c08f88c4d334d6b9a2d2d0e2?s=96&d=mm&r=g","caption":"Lukas Lukas"},"url":"https:\/\/europe-visa.eu\/tr\/blog\/author\/lukas\/"}]}},"_links":{"self":[{"href":"https:\/\/europe-visa.eu\/tr\/wp-json\/wp\/v2\/posts\/418","targetHints":{"allow":["GET"]}}],"collection":[{"href":"https:\/\/europe-visa.eu\/tr\/wp-json\/wp\/v2\/posts"}],"about":[{"href":"https:\/\/europe-visa.eu\/tr\/wp-json\/wp\/v2\/types\/post"}],"author":[{"embeddable":true,"href":"https:\/\/europe-visa.eu\/tr\/wp-json\/wp\/v2\/users\/2"}],"replies":[{"embeddable":true,"href":"https:\/\/europe-visa.eu\/tr\/wp-json\/wp\/v2\/comments?post=418"}],"version-history":[{"count":6,"href":"https:\/\/europe-visa.eu\/tr\/wp-json\/wp\/v2\/posts\/418\/revisions"}],"predecessor-version":[{"id":2100,"href":"https:\/\/europe-visa.eu\/tr\/wp-json\/wp\/v2\/posts\/418\/revisions\/2100"}],"wp:featuredmedia":[{"embeddable":true,"href":"https:\/\/europe-visa.eu\/tr\/wp-json\/wp\/v2\/media\/244"}],"wp:attachment":[{"href":"https:\/\/europe-visa.eu\/tr\/wp-json\/wp\/v2\/media?parent=418"}],"wp:term":[{"taxonomy":"category","embeddable":true,"href":"https:\/\/europe-visa.eu\/tr\/wp-json\/wp\/v2\/categories?post=418"},{"taxonomy":"post_tag","embeddable":true,"href":"https:\/\/europe-visa.eu\/tr\/wp-json\/wp\/v2\/tags?post=418"}],"curies":[{"name":"wp","href":"https:\/\/api.w.org\/{rel}","templated":true}]}}